{"id":50112,"date":"2019-03-14T18:01:43","date_gmt":"2019-03-14T18:01:43","guid":{"rendered":"https:\/\/colimdo.org\/?p=50112"},"modified":"2019-03-14T18:01:55","modified_gmt":"2019-03-14T18:01:55","slug":"luis-mejia-viaja-a-lausana-a-sesion-del-comite-olimpico-internacional","status":"publish","type":"post","link":"https:\/\/colimdo.org\/noticias\/luis-mejia-viaja-a-lausana-a-sesion-del-comite-olimpico-internacional\/","title":{"rendered":"Luis Mej\u00eda viaja a Lausana a sesi\u00f3n del Comit\u00e9 Ol\u00edmpico Internacional"},"content":{"rendered":"<p>SANTO DOMINGO. El licenciado Luis Mej\u00eda Oviedo, presidente del Comit\u00e9 Ol\u00edmpico i (COD) sali\u00f3 este mi\u00e9rcoles hacia Lausana, Suiza, para participar de una sesi\u00f3n de trabajo con Thomas Bach, presidente del Comit\u00e9 Ol\u00edmpico Internacional (COI),<\/p>\n<p><span style=\"font-style: inherit; font-weight: inherit;\">Luego, Mej\u00eda Oviedo, quien es tambi\u00e9n miembro del COI, acompa\u00f1ar\u00e1 este s\u00e1bado, 16 de marzo, a Bach en un viaje a Nueva York, Estados Unidos, del m\u00e1s alto dirigente ol\u00edmpico tomar\u00e1 parte en la sesi\u00f3n de Naciones Unidas para la entrega del premio mundial Mujer y Deporte.<\/span><\/p>\n<p><span style=\"font-style: inherit; font-weight: inherit;\">Ese premio a la ganadora en Am\u00e9rica ser\u00e1 entregado por Mej\u00eda Oviedo, por disposici\u00f3n del COI.<\/span><\/p>\n<p><span style=\"font-style: inherit; font-weight: inherit;\">\u00a0Mej\u00eda Oviedo aprovechar\u00e1 su presencia en Nueva York para juramentar la nueva directiva de la Uni\u00f3n Deportiva de all\u00ed que preside Jos\u00e9 Polanco.<\/span><\/p>\n","protected":false},"excerpt":{"rendered":"<p>El presidente del COD tambi\u00e9n acompa\u00f1ar\u00e1 a Thomas Bach a Nueva York para la entrega del mundial Mujer y Deporte.<\/p>\n","protected":false},"author":13,"featured_media":50113,"comment_status":"closed","ping_status":"closed","sticky":false,"template":"","format":"standard","meta":[],"categories":[2],"tags":[],"acf":[],"_links":{"self":[{"href":"https:\/\/colimdo.org\/wp-api\/wp\/v2\/posts\/50112"}],"collection":[{"href":"https:\/\/colimdo.org\/wp-api\/wp\/v2\/posts"}],"about":[{"href":"https:\/\/colimdo.org\/wp-api\/wp\/v2\/types\/post"}],"author":[{"embeddable":true,"href":"https:\/\/colimdo.org\/wp-api\/wp\/v2\/users\/13"}],"replies":[{"embeddable":true,"href":"https:\/\/colimdo.org\/wp-api\/wp\/v2\/comments?post=50112"}],"version-history":[{"count":1,"href":"https:\/\/colimdo.org\/wp-api\/wp\/v2\/posts\/50112\/revisions"}],"predecessor-version":[{"id":50114,"href":"https:\/\/colimdo.org\/wp-api\/wp\/v2\/posts\/50112\/revisions\/50114"}],"wp:featuredmedia":[{"embeddable":true,"href":"https:\/\/colimdo.org\/wp-api\/wp\/v2\/media\/50113"}],"wp:attachment":[{"href":"https:\/\/colimdo.org\/wp-api\/wp\/v2\/media?parent=50112"}],"wp:term":[{"taxonomy":"category","embeddable":true,"href":"https:\/\/colimdo.org\/wp-api\/wp\/v2\/categories?post=50112"},{"taxonomy":"post_tag","embeddable":true,"href":"https:\/\/colimdo.org\/wp-api\/wp\/v2\/tags?post=50112"}],"curies":[{"name":"wp","href":"https:\/\/api.w.org\/{rel}","templated":true}]}}