{"id":50118,"date":"2019-03-14T18:26:19","date_gmt":"2019-03-14T18:26:19","guid":{"rendered":"https:\/\/colimdo.org\/?p=50118"},"modified":"2019-03-14T18:26:19","modified_gmt":"2019-03-14T18:26:19","slug":"mendy-lopez-orgulloso-de-regresar-a-las-aguilas","status":"publish","type":"post","link":"https:\/\/colimdo.org\/noticias\/mendy-lopez-orgulloso-de-regresar-a-las-aguilas\/","title":{"rendered":"Mendy L\u00f3pez orgulloso de regresar a las \u00c1guilas"},"content":{"rendered":"<div>\n<div>\n<div class=\"m_-6528034542639942684ydp71c0295yahoo-style-wrap\">\n<div>\n<p class=\"m_-6528034542639942684ydpa3bc56e0MsoNormal\">SANTIAGO. &#8211; Mendy L\u00f3pez, emblem\u00e1tico bateador de poder de las Aguilas Cibae\u00f1as recibi\u00f3 una c\u00e1lida bienvenida por su regreso a la franquicia, ahora a su Departamento de Operaciones la venidera temporada 2019-2020, en un encuentro realizado ayer tarde en las oficinas del equipo, dentro de un ambiente lleno de energ\u00edas positivas de los 21 veces campeones nacionales<\/p>\n<p class=\"m_-6528034542639942684ydpa3bc56e0MsoNormal\">\u201cLe estamos dando la bienvenida a un hijo de esta casa, un hombre que como jugador y persona nos ha llenado de orgullo, y poseedor de una carrera brillante en la pelota dominicana\u201d, dijo al recibirle el presidente de los aguiluchos, doctor Adriano Valdez Russo.<\/p>\n<p class=\"m_-6528034542639942684ydpa3bc56e0MsoNormal\">De su lado el Gerente General \u00c1ngel Ovalles se manifest\u00f3 \u201ccontento de tener de regreso a casa A Mendy L\u00f3pez en un rol de asesor, m\u00e1s enfocado en ser un consejero de nuestros jugadores y con mucho que aportar a nuestro dirigente Omar L\u00f3pez y el cuerpo de coaches en general\u201d.<\/p>\n<p class=\"m_-6528034542639942684ydpa3bc56e0MsoNormal\">\u201cDebido a sus compromisos con los Piratas estar\u00e1 en una cantidad de juegos espec\u00edficos que identificaremos m\u00e1s adelante con Mendy y nuestro dirigente. Tambi\u00e9n aportar\u00e1 de diferentes formas en operaciones de b\u00e9isbol\u201d, dijo Ovalles, que estuvo acompa\u00f1ado por Kevin Cabral, tambien ejecutivo de Operaciones<\/p>\n<p class=\"m_-6528034542639942684ydpa3bc56e0MsoNormal\">\u00a0Lopez recibi\u00f3 la bienvenida, adem\u00e1s, de una comisi\u00f3n de miembros del Consejo Directivo Aguilucho, encabezado por los presidentes Ad-Vitam Winston Llenas y Jos\u00e9 Augusto Vega Imbert, Victor Garc\u00eca Sued, vicepresidente y el secretario Luis Gobaira.<\/p>\n<p class=\"m_-6528034542639942684ydpa3bc56e0MsoNormal\">En una breve declaraci\u00f3n Mendy dijo que es para \u00e9l una bendici\u00f3n regresar a su equipo de las Aguilas, donde espera contribuir al \u00e9xito en sus nuevas funciones en el b\u00e9isbol y que el equipo puede contar con dos ojos m\u00e1s en el b\u00e9isbol organizado.<\/p>\n<p class=\"m_-6528034542639942684ydpa3bc56e0MsoNormal\">\u201cMis funciones en los Piratas de Pittsburgh, organizaci\u00f3n para la que trabajo, y donde espero desarrollar todo mi potencial, me impiden estar a tiempo completo en el b\u00e9isbol invernal, esa fue la raz\u00f3n por la que no pude aceptar la propuesta de \u00c1ngel Ovalles para dirigir el equipo, pero aqu\u00ed estamos, listo para contribuir\u201d, dijo L\u00f3pez.<\/p>\n<p class=\"m_-6528034542639942684ydpa3bc56e0MsoNormal\">Asegur\u00f3 que ser\u00e1 una linda experiencia volver a estar junto a Tony Batista, Luis Polonia, Fernando Hern\u00e1ndez, el Gatico Mart\u00ednez y todos sus ex compa\u00f1eros en el equipo amarillo y recordar todas las experiencias vividas juntos.<\/p>\n<p class=\"m_-6528034542639942684ydpa3bc56e0MsoNormal\">Ahora nos toca ayudar a nuestros jugadores y t\u00e9cnicos a continuar con la m\u00edstica de este equipo que se basa en realizar el mejor trabajo posible para orgullo de nuestros fan\u00e1ticos\u201d, dijo<\/p>\n<p class=\"m_-6528034542639942684ydpa3bc56e0MsoNormal\">\u201cY estoy contento muy especialmente, porque podr\u00e9 estar m\u00e1s cerca de mi padre, el verdadero Mendy L\u00f3pez, con quien me tocar\u00e1 hablar cada vez muchas horas de b\u00e9isbol, y \u00e9l ya no podr\u00e1 quejarse de mis largas ausencias\u201d, dijo sonriente Mendy L\u00f3pez<\/p>\n<p class=\"m_-6528034542639942684ydpa3bc56e0MsoNormal\">Lopez es autor de una carrera que le report\u00f3 61 cuadrangulares, l\u00edder en las Aguilas de por Vida y segundo en la historia de la pelota nuestra.<\/p>\n<\/div>\n<\/div>\n<\/div>\n<\/div>\n","protected":false},"excerpt":{"rendered":"<p>SANTIAGO. &#8211; Mendy L\u00f3pez, emblem\u00e1tico bateador de poder de las Aguilas Cibae\u00f1as recibi\u00f3 una c\u00e1lida bienvenida por su regreso a la franquicia, ahora a su Departamento de Operaciones la venidera temporada 2019-2020, en un encuentro realizado ayer tarde en las oficinas del equipo, dentro de un ambiente lleno de energ\u00edas positivas de los 21 veces [&hellip;]<\/p>\n","protected":false},"author":9,"featured_media":50119,"comment_status":"closed","ping_status":"closed","sticky":false,"template":"","format":"standard","meta":[],"categories":[2,60],"tags":[],"acf":[],"_links":{"self":[{"href":"https:\/\/colimdo.org\/wp-api\/wp\/v2\/posts\/50118"}],"collection":[{"href":"https:\/\/colimdo.org\/wp-api\/wp\/v2\/posts"}],"about":[{"href":"https:\/\/colimdo.org\/wp-api\/wp\/v2\/types\/post"}],"author":[{"embeddable":true,"href":"https:\/\/colimdo.org\/wp-api\/wp\/v2\/users\/9"}],"replies":[{"embeddable":true,"href":"https:\/\/colimdo.org\/wp-api\/wp\/v2\/comments?post=50118"}],"version-history":[{"count":1,"href":"https:\/\/colimdo.org\/wp-api\/wp\/v2\/posts\/50118\/revisions"}],"predecessor-version":[{"id":50120,"href":"https:\/\/colimdo.org\/wp-api\/wp\/v2\/posts\/50118\/revisions\/50120"}],"wp:featuredmedia":[{"embeddable":true,"href":"https:\/\/colimdo.org\/wp-api\/wp\/v2\/media\/50119"}],"wp:attachment":[{"href":"https:\/\/colimdo.org\/wp-api\/wp\/v2\/media?parent=50118"}],"wp:term":[{"taxonomy":"category","embeddable":true,"href":"https:\/\/colimdo.org\/wp-api\/wp\/v2\/categories?post=50118"},{"taxonomy":"post_tag","embeddable":true,"href":"https:\/\/colimdo.org\/wp-api\/wp\/v2\/tags?post=50118"}],"curies":[{"name":"wp","href":"https:\/\/api.w.org\/{rel}","templated":true}]}}