{"id":50129,"date":"2019-03-15T02:06:01","date_gmt":"2019-03-15T02:06:01","guid":{"rendered":"https:\/\/colimdo.org\/?p=50129"},"modified":"2019-03-15T02:06:01","modified_gmt":"2019-03-15T02:06:01","slug":"fedotri-hara-este-sabado-competencia-de-acuatlon-en-samana","status":"publish","type":"post","link":"https:\/\/colimdo.org\/noticias\/fedotri-hara-este-sabado-competencia-de-acuatlon-en-samana\/","title":{"rendered":"Fedotri har\u00e1 este s\u00e1bado competencia de acuatl\u00f3n en Saman\u00e1"},"content":{"rendered":"<p class=\"x_MsoNormal\">SAMANA.- La Federaci\u00f3n Dominicana de Triatl\u00f3n (Fedotri) celebrar\u00e1 este s\u00e1bado una Competencia Regional de Acuatl\u00f3n, en playa Los Cacao de Saman\u00e1, con la participaci\u00f3n de unos 120 competidores.<\/p>\n<p class=\"x_MsoNormal\">La hora programada de competencia es a partir de las 4:00 de la tarde y en diferentes categor\u00edas que van desde los 8 a\u00f1os y menos, 9-11, 12-13, 14-15, 16-19 hasta sub-23 a\u00f1os, bajo la coordinaci\u00f3n de Arist\u00f3teles Neuman.<\/p>\n<p class=\"x_MsoNormal\">La informaci\u00f3n la suministraron Franklin de la Cruz, presidente de Fedotri, y el tesorero Newman, quien adem\u00e1s es el presidente de la Asociaci\u00f3n de Triatl\u00f3n de Saman\u00e1.<\/p>\n<p class=\"x_MsoNormal\">De la Cruz y Newman resaltaron que el evento se enmarca dentro del Programa Nacional de Desarrollo que implementa en su gesti\u00f3n 2017-21.<\/p>\n<p class=\"x_MsoNormal\">\u201cEstamos poniendo muchos esfuerzos para celebrar toda nuestra programaci\u00f3n a nivel nacional\u201c, dijo De la Cruz.<\/p>\n<p class=\"x_MsoNormal\">El certamen cuenta con el auspicio del Ministerio de Deportes, la Fedotri y la Asociaci\u00f3n de Triatl\u00f3n Ballenas Jorobadas, entre otros.<\/p>\n","protected":false},"excerpt":{"rendered":"<p>El evento a realizarse en playa Los Cacao de Saman\u00e1, tendr\u00e1 la participaci\u00f3n  de unos 120 competidores.<\/p>\n","protected":false},"author":16,"featured_media":50130,"comment_status":"closed","ping_status":"closed","sticky":false,"template":"","format":"standard","meta":[],"categories":[2,60],"tags":[],"acf":[],"_links":{"self":[{"href":"https:\/\/colimdo.org\/wp-api\/wp\/v2\/posts\/50129"}],"collection":[{"href":"https:\/\/colimdo.org\/wp-api\/wp\/v2\/posts"}],"about":[{"href":"https:\/\/colimdo.org\/wp-api\/wp\/v2\/types\/post"}],"author":[{"embeddable":true,"href":"https:\/\/colimdo.org\/wp-api\/wp\/v2\/users\/16"}],"replies":[{"embeddable":true,"href":"https:\/\/colimdo.org\/wp-api\/wp\/v2\/comments?post=50129"}],"version-history":[{"count":1,"href":"https:\/\/colimdo.org\/wp-api\/wp\/v2\/posts\/50129\/revisions"}],"predecessor-version":[{"id":50131,"href":"https:\/\/colimdo.org\/wp-api\/wp\/v2\/posts\/50129\/revisions\/50131"}],"wp:featuredmedia":[{"embeddable":true,"href":"https:\/\/colimdo.org\/wp-api\/wp\/v2\/media\/50130"}],"wp:attachment":[{"href":"https:\/\/colimdo.org\/wp-api\/wp\/v2\/media?parent=50129"}],"wp:term":[{"taxonomy":"category","embeddable":true,"href":"https:\/\/colimdo.org\/wp-api\/wp\/v2\/categories?post=50129"},{"taxonomy":"post_tag","embeddable":true,"href":"https:\/\/colimdo.org\/wp-api\/wp\/v2\/tags?post=50129"}],"curies":[{"name":"wp","href":"https:\/\/api.w.org\/{rel}","templated":true}]}}