{"id":50135,"date":"2019-03-15T02:24:08","date_gmt":"2019-03-15T02:24:08","guid":{"rendered":"https:\/\/colimdo.org\/?p=50135"},"modified":"2019-03-15T02:25:36","modified_gmt":"2019-03-15T02:25:36","slug":"la-clave-para-rafel-nadal-tratar-al-cuerpo-de-la-manera-adecuada","status":"publish","type":"post","link":"https:\/\/colimdo.org\/noticias\/la-clave-para-rafel-nadal-tratar-al-cuerpo-de-la-manera-adecuada\/","title":{"rendered":"La clave para Rafael Nadal: &#8220;Tratar al cuerpo de la manera adecuada&#8221;"},"content":{"rendered":"<p>EFE. Rafael Nadal tuvo tiempo de hablar con la prensa post victoria ante Filip Krajinovic a sabiendas de una jornada de descanso que le permitir\u00e1 descansar el f\u00edsico. Un f\u00edsico que empieza a ser tema en cuesti\u00f3n a esta altura de la carrera.<\/p>\n<p>A la pregunta de si se ve\u00eda jugando con 37, 38 o 39 a\u00f1os, el mallorqu\u00edn replic\u00f3: &#8220;Probablemente no, a d\u00eda de hoy. Pero cuando ten\u00eda 26 o 25 a\u00f1os, en ese momento no me ve\u00eda jugando con casi 33. As\u00ed que nunca se sabe&#8221;.<\/p>\n<p>Al espa\u00f1ol tambi\u00e9n se le consult\u00f3 sobre el gran protagonismo en el circuito de los jugadores veteranos, como es el caso de Roger Federer (37 a\u00f1os), Venus Williams (38) o Ivo Karlovic (40). &#8220;Cuando esto ocurre, hay varios motivos. Lo primero, por supuesto, es que sientes una gran pasi\u00f3n por lo que haces. Lo segundo, puedes trabajar en la prevenci\u00f3n de lesiones. Tratas al cuerpo de la manera adecuada. Y tercero, a\u00fan eres competitivo para ganar cosas importantes&#8221;, indic\u00f3.<\/p>\n<p>Por \u00faltimo, Nadal tambi\u00e9n habl\u00f3 sobre la temprana eliminaci\u00f3n de Novak Djokovic. &#8220;La diferencia entre los tenistas no es muy grande. Nos separan peque\u00f1os detalles. Cualquier cosa puede pasar en este deporte, especialmente en este tipo de eventos que son disputados por los 50 mejores tenistas&#8221;, apunt\u00f3.<\/p>\n","protected":false},"excerpt":{"rendered":"<p>El espa\u00f1ol habl\u00f3 sobre los retos que le esperan m\u00e1s adelante.<\/p>\n","protected":false},"author":16,"featured_media":50136,"comment_status":"closed","ping_status":"closed","sticky":false,"template":"","format":"standard","meta":[],"categories":[2,60],"tags":[],"acf":[],"_links":{"self":[{"href":"https:\/\/colimdo.org\/wp-api\/wp\/v2\/posts\/50135"}],"collection":[{"href":"https:\/\/colimdo.org\/wp-api\/wp\/v2\/posts"}],"about":[{"href":"https:\/\/colimdo.org\/wp-api\/wp\/v2\/types\/post"}],"author":[{"embeddable":true,"href":"https:\/\/colimdo.org\/wp-api\/wp\/v2\/users\/16"}],"replies":[{"embeddable":true,"href":"https:\/\/colimdo.org\/wp-api\/wp\/v2\/comments?post=50135"}],"version-history":[{"count":3,"href":"https:\/\/colimdo.org\/wp-api\/wp\/v2\/posts\/50135\/revisions"}],"predecessor-version":[{"id":50139,"href":"https:\/\/colimdo.org\/wp-api\/wp\/v2\/posts\/50135\/revisions\/50139"}],"wp:featuredmedia":[{"embeddable":true,"href":"https:\/\/colimdo.org\/wp-api\/wp\/v2\/media\/50136"}],"wp:attachment":[{"href":"https:\/\/colimdo.org\/wp-api\/wp\/v2\/media?parent=50135"}],"wp:term":[{"taxonomy":"category","embeddable":true,"href":"https:\/\/colimdo.org\/wp-api\/wp\/v2\/categories?post=50135"},{"taxonomy":"post_tag","embeddable":true,"href":"https:\/\/colimdo.org\/wp-api\/wp\/v2\/tags?post=50135"}],"curies":[{"name":"wp","href":"https:\/\/api.w.org\/{rel}","templated":true}]}}