{"id":50140,"date":"2019-03-15T02:34:44","date_gmt":"2019-03-15T02:34:44","guid":{"rendered":"https:\/\/colimdo.org\/?p=50140"},"modified":"2019-03-15T02:34:44","modified_gmt":"2019-03-15T02:34:44","slug":"maikel-franco-lucha-por-la-titularidad-en-los-filis","status":"publish","type":"post","link":"https:\/\/colimdo.org\/noticias\/maikel-franco-lucha-por-la-titularidad-en-los-filis\/","title":{"rendered":"Maikel Franco lucha por la titularidad en los Filis"},"content":{"rendered":"<p>TAMPA, Florida \u2013 El manager de los Filis, Gabe Kapler, comenz\u00f3 los entrenamientos primaverales diciendo que el dominicano Maikel Franco y Scott Kingery competir\u00edan por el puesto de la tercera base, mientras que el venezolano Od\u00fabel Herrera, Roman Quinn y Aaron Altherr har\u00edan lo propio por la posici\u00f3n de jardinero central.<\/p>\n<p>Pero ninguno de ellos se ha ganado un puesto a\u00fan.<\/p>\n<p>Franco arranc\u00f3 la primavera como el favorito para ocupar la esquina caliente. No hab\u00eda jugado desde el viernes por un virus, pero regres\u00f3 el mi\u00e9rcoles a la alineaci\u00f3n como bateador designado. Comenz\u00f3 el juego bateando para .200 (de 25-5) con un doble, un jonr\u00f3n, seis carreras impulsadas, un boleto, siete ponches y OPS de .619. Kingery, quien estaba en esa misma alineaci\u00f3n como antesalista, comenz\u00f3 bateando para .200 (de 30-6) con un doble, un triple, una empujada, dos boletos, 11 ponches y .550 de OPS.<\/p>\n<p>\u201cEstamos analiz\u00e1ndolos todav\u00eda. A\u00fan es temprano\u201d, dijo Kapler. \u201cDefinitivamente lo estamos llevando con calma, queremos ver m\u00e1s, que ambos compitan a su m\u00e1ximo nivel\u201d.<\/p>\n<p>Herrera est\u00e1 pautado para ocupar el puesto de bateador designado el s\u00e1bado, en su primer juego de la Liga de la Toronja. Ha estado apartado un mes por un desgarre de primer grado en su corva izquierda, pero tuvo cinco veces al plato el mi\u00e9rcoles en el Carpenter Complex.<\/p>\n<p>Se espera que est\u00e9 listo para el D\u00eda Inaugural.<\/p>\n<p>\u201cSigo vi\u00e9ndolo como uno de los competidores por el jard\u00edn central\u201d, dijo Kapler. \u201cOd\u00fabel necesita asegurarse de estar saludable y f\u00edsicamente listo para jugar en la pradera central. Adem\u00e1s, estamos interesados en ver sus turnos al bate, su defensa, corrido de bases, y la habilidad que nos demuestre que est\u00e1 recuperado. Es un jugador completo, y nos ayudar\u00eda de gran manera. Es lo que estamos buscando de \u00e9l\u201d.<\/p>\n<p>Quinn no ha jugado en esta primavera por una lesi\u00f3n en el costado derecho. Est\u00e1 mucho m\u00e1s lejos que Herrera, seg\u00fan Kapler. No ser\u00eda una sorpresa si Quinn comienza la temporada en la lista de lesionados. Altherr est\u00e1 bateado para .263 (de 19-5) con un doblete, tres carreras impulsadas, cinco boletos, siete ponches y .739 de OPS. Est\u00e1 buscando recuperarse de un complicado 2018.<\/p>\n<p>Nick Williams, quien est\u00e1 sin posici\u00f3n, con Bryce Harper en el jard\u00edn derecho y Andrew McCutchen en el izquierdo, no es uno de los candidatos a ser considerados para el puesto de patrullero central.<\/p>\n<p>\u201cEstoy confiado en que los jugadores adecuados sobresaldr\u00e1n para jugar el jard\u00edn central\u201d, dijo Kapler. \u201cPor eso tan bueno tener a un grupo de chicos batallando por un puesto\u201d.<\/p>\n<p>La mejor apuesta ser\u00eda contar con Franco y Herrera para el D\u00eda Inaugural el 28 de marzo ante los Bravos en el Citizens Bank Park.<\/p>\n<p>De nuevo, todos pensaban que Herrera estar\u00eda en la alineaci\u00f3n titular en el Juego Inaugural del a\u00f1o pasado, y no fue as\u00ed.<\/p>\n<p>Pero al menos, los Filis deben tener un s\u00f3lido lineup ante los Bravos. El segunda base venezolano C\u00e9sar Hern\u00e1ndez har\u00e1 su debut en la Liga de la Toronja el jueves ante los Piratas, tras estar apartado por un tir\u00f3n en el flexor de su cadera derecha. Adem\u00e1s, tuvo cinco turnos al bate le mi\u00e9rcoles en el Carpenter Complex.<\/p>\n<p>\u201cEs un escenario realista poder contar con ambos chicos en el roster del D\u00eda Inaugural, listos y completamente recuperados, ya habiendo sobrepasado el miedo inicial\u201d, dijo Kapler sobre Herrera y Hern\u00e1ndez.<\/p>\n","protected":false},"excerpt":{"rendered":"<p>Franco arranc\u00f3 la primavera como el favorito para ocupar la esquina caliente. No hab\u00eda jugado desde el viernes por un virus, pero regres\u00f3 el mi\u00e9rcoles a la alineaci\u00f3n como bateador designado. Comenz\u00f3 el juego bateando para .200 (de 25-5) con un doble, un jonr\u00f3n, seis carreras impulsadas, un boleto, siete ponches y OPS de .619.<\/p>\n","protected":false},"author":16,"featured_media":50141,"comment_status":"closed","ping_status":"closed","sticky":false,"template":"","format":"standard","meta":[],"categories":[2,60],"tags":[],"acf":[],"_links":{"self":[{"href":"https:\/\/colimdo.org\/wp-api\/wp\/v2\/posts\/50140"}],"collection":[{"href":"https:\/\/colimdo.org\/wp-api\/wp\/v2\/posts"}],"about":[{"href":"https:\/\/colimdo.org\/wp-api\/wp\/v2\/types\/post"}],"author":[{"embeddable":true,"href":"https:\/\/colimdo.org\/wp-api\/wp\/v2\/users\/16"}],"replies":[{"embeddable":true,"href":"https:\/\/colimdo.org\/wp-api\/wp\/v2\/comments?post=50140"}],"version-history":[{"count":1,"href":"https:\/\/colimdo.org\/wp-api\/wp\/v2\/posts\/50140\/revisions"}],"predecessor-version":[{"id":50142,"href":"https:\/\/colimdo.org\/wp-api\/wp\/v2\/posts\/50140\/revisions\/50142"}],"wp:featuredmedia":[{"embeddable":true,"href":"https:\/\/colimdo.org\/wp-api\/wp\/v2\/media\/50141"}],"wp:attachment":[{"href":"https:\/\/colimdo.org\/wp-api\/wp\/v2\/media?parent=50140"}],"wp:term":[{"taxonomy":"category","embeddable":true,"href":"https:\/\/colimdo.org\/wp-api\/wp\/v2\/categories?post=50140"},{"taxonomy":"post_tag","embeddable":true,"href":"https:\/\/colimdo.org\/wp-api\/wp\/v2\/tags?post=50140"}],"curies":[{"name":"wp","href":"https:\/\/api.w.org\/{rel}","templated":true}]}}