{"id":50164,"date":"2019-03-15T16:08:56","date_gmt":"2019-03-15T16:08:56","guid":{"rendered":"https:\/\/colimdo.org\/?p=50164"},"modified":"2019-03-15T16:08:56","modified_gmt":"2019-03-15T16:08:56","slug":"fedofutbol-anuncia-plan-para-relanzar-la-ldf","status":"publish","type":"post","link":"https:\/\/colimdo.org\/noticias\/fedofutbol-anuncia-plan-para-relanzar-la-ldf\/","title":{"rendered":"Fedofutbol anuncia plan para relanzar la LDF"},"content":{"rendered":"<p class=\"x_MsoNormal\">SANTO DOMINGO.- La Comisi\u00f3n Normalizadora de la Federaci\u00f3n Dominicana de Futbol anunci\u00f3 que someti\u00f3 a la consideraci\u00f3n de la Federaci\u00f3n Internacional de F\u00fatbol Asociaci\u00f3n (FIFA) un proyecto de m\u00e1s de 500 mil d\u00f3lares para apoyar y relanzar la Liga Dominicana de F\u00fatbol\u00a0 (LDF) que iniciar\u00e1 el pr\u00f3ximo 30 de marzo en Santiago.<\/p>\n<p class=\"x_MsoNormal\">Manuel Luna, presidente de FEDOFUTBOL, explic\u00f3 que dicho proyecto podr\u00eda ser aprobado o no, pero que esperan que el mismo logre el visto bueno de las autoridades internacionales de la FIFA, ya que es fundamental que la LDF pueda contar con un impulso que le permita recobrar la reputaci\u00f3n que se merece entre los seguidores del espect\u00e1culo as\u00ed como en las empresas patrocinadoras.<\/p>\n<p class=\"x_MsoNormal\">El anuncio se realiz\u00f3 durante la conferencia de prensa que present\u00f3 los avances de los primeros 4 meses de gesti\u00f3n de la comisi\u00f3n normalizadora en la que tambi\u00e9n se anunci\u00f3 que se levant\u00f3 la suspensi\u00f3n que pesaba sobre los se\u00f1ores Rafael Polanco, Prandy Pinales, Luis de la Cruz y George Le\u00f3n.<\/p>\n<p class=\"x_MsoNormal\">Francisco Lapouble, miembro de la Normalizadora, acompa\u00f1\u00f3 a Luna en la exposici\u00f3n en la cual explic\u00f3 que para la regularizaci\u00f3n de las asociaciones se ha conformado un equipo legal que dar\u00e1 soporte para que los clubes de f\u00fatbol puedan incorporarse legalmente.<\/p>\n<p class=\"x_MsoNormal\">Adem\u00e1s se inform\u00f3 que ya se inici\u00f3 la implementaci\u00f3n de la plataforma FIFA Connect a la cual ya se han adherido 7 clubes del pa\u00eds, y en la cual los clubes deber\u00e1n inscribir todos sus jugadores antes del 30 de abril de este a\u00f1o.<\/p>\n<p class=\"x_MsoNormal\">Otro de los anuncios importantes que recalc\u00f3 Luna fue el acuerdo alcanzado con los jugadores de la selecci\u00f3n dominicana, con quienes se firm\u00f3 un convenio de derechos y deberes en el cual se establecen las responsabilidades que tiene la federaci\u00f3n con estos y viceversa.<\/p>\n<p class=\"x_MsoNormal\">\u201cQuiero anunciar tambi\u00e9n que cerramos una negociaci\u00f3n con el canal ol\u00edmpico del Comit\u00e9 Ol\u00edmpico Dominicano para la transmisi\u00f3n del partido de Liga de Naciones de CONCACAF que se celebrar\u00e1 el 24 de marzo en Santiago y en el cual la selecci\u00f3n dominicana se enfrentar\u00e1 a Bermuda en b\u00fasqueda de un cupo para la Copa Oro\u201d declar\u00f3 Luna.<\/p>\n<p class=\"x_MsoNormal\">Tambi\u00e9n se anunci\u00f3 que la p\u00e1gina Web de la federaci\u00f3n tendr\u00e1 un ac\u00e1pite de transparencia y gobernanza, que la n\u00f3mina de la federaci\u00f3n se redujo en 54% para quedar en 53 personas y que FIFA y CONCACAF iniciaron el proceso de desembolso de fondos de la Federaci\u00f3n.<\/p>\n","protected":false},"excerpt":{"rendered":"<p>Entre los anuncios se dio a conocer que el canal del Comit\u00e9 Ol\u00edmpico Dominicano (CTV) transmitir\u00e1 el partido de la selecci\u00f3n dominicana de Liga de Naciones de CONCACAF.<\/p>\n","protected":false},"author":16,"featured_media":50166,"comment_status":"closed","ping_status":"closed","sticky":false,"template":"","format":"standard","meta":[],"categories":[2,60],"tags":[],"acf":[],"_links":{"self":[{"href":"https:\/\/colimdo.org\/wp-api\/wp\/v2\/posts\/50164"}],"collection":[{"href":"https:\/\/colimdo.org\/wp-api\/wp\/v2\/posts"}],"about":[{"href":"https:\/\/colimdo.org\/wp-api\/wp\/v2\/types\/post"}],"author":[{"embeddable":true,"href":"https:\/\/colimdo.org\/wp-api\/wp\/v2\/users\/16"}],"replies":[{"embeddable":true,"href":"https:\/\/colimdo.org\/wp-api\/wp\/v2\/comments?post=50164"}],"version-history":[{"count":1,"href":"https:\/\/colimdo.org\/wp-api\/wp\/v2\/posts\/50164\/revisions"}],"predecessor-version":[{"id":50167,"href":"https:\/\/colimdo.org\/wp-api\/wp\/v2\/posts\/50164\/revisions\/50167"}],"wp:featuredmedia":[{"embeddable":true,"href":"https:\/\/colimdo.org\/wp-api\/wp\/v2\/media\/50166"}],"wp:attachment":[{"href":"https:\/\/colimdo.org\/wp-api\/wp\/v2\/media?parent=50164"}],"wp:term":[{"taxonomy":"category","embeddable":true,"href":"https:\/\/colimdo.org\/wp-api\/wp\/v2\/categories?post=50164"},{"taxonomy":"post_tag","embeddable":true,"href":"https:\/\/colimdo.org\/wp-api\/wp\/v2\/tags?post=50164"}],"curies":[{"name":"wp","href":"https:\/\/api.w.org\/{rel}","templated":true}]}}