{"id":50171,"date":"2019-03-15T19:10:54","date_gmt":"2019-03-15T19:10:54","guid":{"rendered":"https:\/\/colimdo.org\/?p=50171"},"modified":"2019-03-15T19:10:54","modified_gmt":"2019-03-15T19:10:54","slug":"severino-se-perdera-abril-por-dolencia-en-hombro","status":"publish","type":"post","link":"https:\/\/colimdo.org\/noticias\/severino-se-perdera-abril-por-dolencia-en-hombro\/","title":{"rendered":"Severino se perder\u00e1 abril por dolencia en hombro"},"content":{"rendered":"<p>TAMPA, Florida, EE.UU. (AP) \u2014 El as de los Yanquis Luis Severino se perder\u00e1 todo el mes de abril debido a una inflamaci\u00f3n en el hombre derecho, inform\u00f3 el gerente general Brian Cashman.<\/p>\n<p>Severino hab\u00eda sido asignado para abrir el juego inaugural de la campa\u00f1a el 28 de marzo, pero fue descartado de su primera apertura de exhibici\u00f3n el 5 de marzo. El dominicano se quej\u00f3 de molestias tras lanzar su primer slider en una sesi\u00f3n de bullpen.<\/p>\n<p>\u201cTendr\u00e1 que empezar desde cero y hacer una pretemporada\u201d, dijo Cashman. \u201cSi necesita tener m\u00e1s tiempo, debemos asegurarnos que no tenga problemas\u201d.<\/p>\n<p>No ser\u00e1 hasta la pr\u00f3xima semana cuando Severino podr\u00e1 volver a soltar el brazo.<\/p>\n<p>\u201cNo siento nada ahora mismo\u201d, dijo Severino. \u201cQuiero resolver este asunto y estar al cien por ciento\u201d.<\/p>\n<p>Cashman tambi\u00e9n indic\u00f3 el viernes que el jardinero central Aaron Hicks, fuera de acci\u00f3n desde el 1 de marzo por una dolencia en la espalda que sufri\u00f3 en una pr\u00e1ctica de bateo, no estar\u00e1 recuperado a tiempo para el juego inaugural ante Baltimore.<\/p>\n<p>Severino ha sido seleccionado dos veces para el Juego de Estrellas y ostenta un registro de 41-25 con efectividad de 3.51 desde su debut en 2015. Tuvo foja de 19-8 con efectividad de 3.39 el a\u00f1o pasado pero perdi\u00f3 cinco de sus \u00faltimas 11 decisiones.<\/p>\n<p>Masahiro Tanaka, James Paxton, CC Sabathia y J.A. Happ asoman para integrar la rotaci\u00f3n de los Yanquis.<\/p>\n<p>Sabathia, a quien le insertaron un peque\u00f1o tubo de malla de metal al encontr\u00e1rsele una arteria bloqueada en su coraz\u00f3n, se perder\u00e1 las primeras dos o tres aperturas. El zurdo tendr\u00e1 su primer juego simulado el s\u00e1bado.<\/p>\n<p>Jonathan Loaisiga, Domingo Germ\u00e1n y Luis Cessa compiten por dos puestos en la rotaci\u00f3n.<\/p>\n","protected":false},"excerpt":{"rendered":"<p>TAMPA, Florida, EE.UU. (AP) \u2014 El as de los Yanquis Luis Severino se perder\u00e1 todo el mes de abril debido a una inflamaci\u00f3n en el hombre derecho, inform\u00f3 el gerente general Brian Cashman. Severino hab\u00eda sido asignado para abrir el juego inaugural de la campa\u00f1a el 28 de marzo, pero fue descartado de su primera [&hellip;]<\/p>\n","protected":false},"author":9,"featured_media":50172,"comment_status":"closed","ping_status":"closed","sticky":false,"template":"","format":"standard","meta":[],"categories":[2,60],"tags":[],"acf":[],"_links":{"self":[{"href":"https:\/\/colimdo.org\/wp-api\/wp\/v2\/posts\/50171"}],"collection":[{"href":"https:\/\/colimdo.org\/wp-api\/wp\/v2\/posts"}],"about":[{"href":"https:\/\/colimdo.org\/wp-api\/wp\/v2\/types\/post"}],"author":[{"embeddable":true,"href":"https:\/\/colimdo.org\/wp-api\/wp\/v2\/users\/9"}],"replies":[{"embeddable":true,"href":"https:\/\/colimdo.org\/wp-api\/wp\/v2\/comments?post=50171"}],"version-history":[{"count":1,"href":"https:\/\/colimdo.org\/wp-api\/wp\/v2\/posts\/50171\/revisions"}],"predecessor-version":[{"id":50173,"href":"https:\/\/colimdo.org\/wp-api\/wp\/v2\/posts\/50171\/revisions\/50173"}],"wp:featuredmedia":[{"embeddable":true,"href":"https:\/\/colimdo.org\/wp-api\/wp\/v2\/media\/50172"}],"wp:attachment":[{"href":"https:\/\/colimdo.org\/wp-api\/wp\/v2\/media?parent=50171"}],"wp:term":[{"taxonomy":"category","embeddable":true,"href":"https:\/\/colimdo.org\/wp-api\/wp\/v2\/categories?post=50171"},{"taxonomy":"post_tag","embeddable":true,"href":"https:\/\/colimdo.org\/wp-api\/wp\/v2\/tags?post=50171"}],"curies":[{"name":"wp","href":"https:\/\/api.w.org\/{rel}","templated":true}]}}