{"id":50177,"date":"2019-03-15T19:16:52","date_gmt":"2019-03-15T19:16:52","guid":{"rendered":"https:\/\/colimdo.org\/?p=50177"},"modified":"2019-03-15T19:16:52","modified_gmt":"2019-03-15T19:16:52","slug":"lima-a-punto-tener-listas-todas-las-sedes-de-los-panamericanos","status":"publish","type":"post","link":"https:\/\/colimdo.org\/noticias\/lima-a-punto-tener-listas-todas-las-sedes-de-los-panamericanos\/","title":{"rendered":"Lima a punto tener listas todas las sedes de los Panamericanos"},"content":{"rendered":"<p>El comit\u00e9 organizador de los Juegos Panamericanos de Lima 2019 est\u00e1 a punto de ganar la carrera al reloj para tener listas las sedes del mayor acontecimiento deportivo del continente americano, donde participar\u00e1n unos 6.600 deportistas de 41 pa\u00edses del 24 de julio al 11 de agosto.<\/p>\n<p>Parec\u00eda imposible que Lima 2019 alcanzara la meta cuando hace poco m\u00e1s de dos a\u00f1os no hab\u00eda ninguna obra en marcha y ni siquiera licitada, lo que hizo peligrar la sede de los Juegos Panamericanos para la capital peruana, pero el panorama es radicalmente distinto a escasos cuatro meses de que comiencen las pruebas deportivas.<\/p>\n<p>La mayor\u00eda de las instalaciones estar\u00e1n listas para final de marzo, como se hab\u00eda anunciado, y ya hay dos culminadas que son el estadio de b\u00e9isbol y el estadio de la Universidad Nacional Mayor de San Marcos (UNMSM), la m\u00e1s antigua de Am\u00e9rica, que albergar\u00e1 los partidos de f\u00fatbol.<\/p>\n<p>El estadio de San Marcos vivir\u00e1 su prueba de fuego este mes con la celebraci\u00f3n del campeonato sudamericano de f\u00fatbol sub-17, tras haber sido remodelado por la constructora espa\u00f1ola Sacyr, que ha colocado c\u00e9sped artificial homologado por la FIFA y 22.000 butacas en tres de sus cuatro tribunas.<\/p>\n<p>El diamante del b\u00e9isbol es parte del complejo deportivo Andr\u00e9s Avelino C\u00e1ceres que se ha construido en el populoso distrito lime\u00f1o de Villa Mar\u00eda del Triunfo y tiene una capacidad para 1.800 espectadores.<\/p>\n<p>En los pr\u00f3ximos d\u00edas tambi\u00e9n quedar\u00e1n culminados en esta sede levantada por Sacyr y la uruguaya Saceem los estadios del softbol, de rugby y de hockey sobre c\u00e9sped; las canchas de pelota vasca y front\u00f3n y el campo de tiro con arco.<\/p>\n<p>Tambi\u00e9n la piscina donde se disputar\u00e1n los partidos de waterpolo, que ya est\u00e1 llena y sus tribunas listas para acomodar cada d\u00eda a m\u00e1s de 800 personas.<\/p>\n<p>Desde comienzos de a\u00f1o tambi\u00e9n est\u00e1 culminada la Villa Panamericana, el complejo de siete edificios con 1.092 viviendas donde se hospedar\u00e1n la mayor parte de los deportistas, situado en el popular distrito perif\u00e9rico de Villa El Salvador.<\/p>\n<p>En la Villa Deportiva Nacional (Videna), la principal sede deportiva de los Juegos, lucen en todo su esplendor y magnitud las cubiertas del estadio de atletismo y del vel\u00f3dromo, dos estructuras que est\u00e1n cambiando la cara a esta ciudad del deporte enclavada en el coraz\u00f3n de Lima.<\/p>\n<p>El estadio tiene instalado ya el tart\u00e1n donde competir\u00e1n atletas como la fondista peruana In\u00e9s Melchor, la saltadora colombiana Caterine Ibarg\u00fcen y la venezolana Yulimar Rojas.<\/p>\n<p>De la misma manera est\u00e1 en su fase final el polideportivo 3 de la Videna, que acoger\u00e1 las pruebas de b\u00e1dminton, patinaje art\u00edstico y el tenis de mesa, mientras que el balonmano, el judo y el squash se disputar\u00e1n en los polideportivos 1 y 2, que ya estaban construidos y solo les hace falta peque\u00f1os retoques.<\/p>\n<p>La \u00fanica obra m\u00e1s retrasada en la Videna, por sus dimensiones, es el centro acu\u00e1tico de la Villa Deportiva Nacional (Videna), compuesto por una piscina ol\u00edmpica y otra para saltos de trampol\u00edn que ya est\u00e1 construida y que en las pr\u00f3ximas semanas comenzar\u00e1n a llenarse de agua para quedar lista en mayo.<\/p>\n<p>Otra sede todav\u00eda en proceso con un buen ritmo de avance es el polideportivo de Villa El Salvador, con aforo para 5.000 espectadores, cuya estructura fue levantada desde hace semanas por la constructora espa\u00f1ola Obrascon para en unos meses ser el escenario del k\u00e1rate y la gimnasia.<\/p>\n<p>M\u00e1s avanzado est\u00e1 incluso el polideportivo del Callao, con un pabell\u00f3n para 6.100 espectadores para las competiciones de voleibol y taekwondo.<\/p>\n<p>En total ser\u00e1n 62 disciplinas de 39 deportes diferentes las que entrar\u00e1n en juego en los Panamericanos, y de ellas 23 ser\u00e1n clasificatorias para los Juegos Ol\u00edmpicos de Tokio 2020.<\/p>\n","protected":false},"excerpt":{"rendered":"<p>El comit\u00e9 organizador de los Juegos Panamericanos de Lima 2019 est\u00e1 a punto de ganar la carrera al reloj para tener listas las sedes del mayor acontecimiento deportivo del continente americano, donde participar\u00e1n unos 6.600 deportistas de 41 pa\u00edses del 24 de julio al 11 de agosto. Parec\u00eda imposible que Lima 2019 alcanzara la meta [&hellip;]<\/p>\n","protected":false},"author":9,"featured_media":50178,"comment_status":"closed","ping_status":"closed","sticky":false,"template":"","format":"standard","meta":[],"categories":[2,60],"tags":[],"acf":[],"_links":{"self":[{"href":"https:\/\/colimdo.org\/wp-api\/wp\/v2\/posts\/50177"}],"collection":[{"href":"https:\/\/colimdo.org\/wp-api\/wp\/v2\/posts"}],"about":[{"href":"https:\/\/colimdo.org\/wp-api\/wp\/v2\/types\/post"}],"author":[{"embeddable":true,"href":"https:\/\/colimdo.org\/wp-api\/wp\/v2\/users\/9"}],"replies":[{"embeddable":true,"href":"https:\/\/colimdo.org\/wp-api\/wp\/v2\/comments?post=50177"}],"version-history":[{"count":1,"href":"https:\/\/colimdo.org\/wp-api\/wp\/v2\/posts\/50177\/revisions"}],"predecessor-version":[{"id":50179,"href":"https:\/\/colimdo.org\/wp-api\/wp\/v2\/posts\/50177\/revisions\/50179"}],"wp:featuredmedia":[{"embeddable":true,"href":"https:\/\/colimdo.org\/wp-api\/wp\/v2\/media\/50178"}],"wp:attachment":[{"href":"https:\/\/colimdo.org\/wp-api\/wp\/v2\/media?parent=50177"}],"wp:term":[{"taxonomy":"category","embeddable":true,"href":"https:\/\/colimdo.org\/wp-api\/wp\/v2\/categories?post=50177"},{"taxonomy":"post_tag","embeddable":true,"href":"https:\/\/colimdo.org\/wp-api\/wp\/v2\/tags?post=50177"}],"curies":[{"name":"wp","href":"https:\/\/api.w.org\/{rel}","templated":true}]}}