{"id":50183,"date":"2019-03-15T19:20:41","date_gmt":"2019-03-15T19:20:41","guid":{"rendered":"https:\/\/colimdo.org\/?p=50183"},"modified":"2019-03-15T19:20:41","modified_gmt":"2019-03-15T19:20:41","slug":"aerolinea-chileno-brasilena-transportara-a-13-delegaciones-a-los-panam","status":"publish","type":"post","link":"https:\/\/colimdo.org\/noticias\/aerolinea-chileno-brasilena-transportara-a-13-delegaciones-a-los-panam\/","title":{"rendered":"Aerol\u00ednea chileno-brasile\u00f1a transportar\u00e1 a 13 delegaciones a los Panam"},"content":{"rendered":"<p>La aerol\u00ednea chileno-brasile\u00f1a LATAM Airlines, elegida como l\u00ednea a\u00e9rea oficial de los Juegos Panamericanos de Lima 2019, ser\u00e1 la encargada de transportar a la capital peruana a trece delegaciones, m\u00e1s de 4.900 personas a la gran reuni\u00f3n del deporte americano del 26 de julio al 11 de agosto.<\/p>\n<p>La compa\u00f1\u00eda a\u00e9rea firm\u00f3 esta semana en Lima un acuerdo de colaboraci\u00f3n con la compa\u00f1\u00eda organizadora de los Panamericanos, Panam Sports, que incluye que LATAM transporte a Per\u00fa a las delegaciones de Bolivia, Colombia, Ecuador, Paraguay, Argentina, Brasil, Chile, Uruguay, M\u00e9xico, Costa Rica, Cuba, Rep\u00fablica Dominicana y Hait\u00ed.<\/p>\n<p>La aerol\u00ednea tambi\u00e9n ser\u00e1 la encargada del recorrido de la Antorcha Panamericana, que partir\u00e1 de las ruinas de Teotihuac\u00e1n en M\u00e9xico hasta llegar al santuario peruano de Machu Picchu, desde donde recorrer\u00e1 las diferentes localidades del pa\u00eds andino.<\/p>\n<p>Un grupo de representantes seleccionados por LATAM acompa\u00f1ar\u00e1 el recorrido de la antorcha por Per\u00fa hasta el encendido de la llama de los Panamericanos el 26 de junio.<\/p>\n<p>Asimismo, la compa\u00f1\u00eda realizar\u00e1 una serie de concursos para invitar a los aficionados peruanos a asistir a las competiciones de la gran cita del deporte americano de 2019.<\/p>\n<p>El presidente de Panam Sports, Neven Ilic, destac\u00f3 en la presentaci\u00f3n del acuerdo que LATAM es \u201cuna de las aerol\u00edneas m\u00e1s importantes del mundo\u201d, por lo que est\u00e1n muy satisfechos con el acuerdo.<\/p>\n<p>Por su parte, el gerente de LATAM Airlines en Per\u00fa, Manuel van Oort, apunt\u00f3 que el objetivo de su compa\u00f1\u00eda es ser \u201cla aerol\u00ednea que conecta a Am\u00e9rica Latina, su cultura y su diversidad con el mundo\u201d, en el cual este acuerdo supone una gran oportunidad.<\/p>\n<p>Para el presidente de Lima 2019, Carlos Neuhaus Tudela, los Panamericanos ser\u00e1n \u201cuna fiesta deportiva y cultural\u201d que pondr\u00e1 el pa\u00eds \u201cen los ojos del mundo\u201d, con \u201cuna infraestructura deportiva de calidad\u201d unida a la programaci\u00f3n cultural, que dejar\u00e1 una gran experiencia a atletas y visitantes y un \u201clegado\u201d para los peruanos.<\/p>\n<p>EFE<\/p>\n","protected":false},"excerpt":{"rendered":"<p>La aerol\u00ednea chileno-brasile\u00f1a LATAM Airlines, elegida como l\u00ednea a\u00e9rea oficial de los Juegos Panamericanos de Lima 2019, ser\u00e1 la encargada de transportar a la capital peruana a trece delegaciones, m\u00e1s de 4.900 personas a la gran reuni\u00f3n del deporte americano del 26 de julio al 11 de agosto. La compa\u00f1\u00eda a\u00e9rea firm\u00f3 esta semana en [&hellip;]<\/p>\n","protected":false},"author":9,"featured_media":50184,"comment_status":"closed","ping_status":"closed","sticky":false,"template":"","format":"standard","meta":[],"categories":[2,60],"tags":[],"acf":[],"_links":{"self":[{"href":"https:\/\/colimdo.org\/wp-api\/wp\/v2\/posts\/50183"}],"collection":[{"href":"https:\/\/colimdo.org\/wp-api\/wp\/v2\/posts"}],"about":[{"href":"https:\/\/colimdo.org\/wp-api\/wp\/v2\/types\/post"}],"author":[{"embeddable":true,"href":"https:\/\/colimdo.org\/wp-api\/wp\/v2\/users\/9"}],"replies":[{"embeddable":true,"href":"https:\/\/colimdo.org\/wp-api\/wp\/v2\/comments?post=50183"}],"version-history":[{"count":1,"href":"https:\/\/colimdo.org\/wp-api\/wp\/v2\/posts\/50183\/revisions"}],"predecessor-version":[{"id":50185,"href":"https:\/\/colimdo.org\/wp-api\/wp\/v2\/posts\/50183\/revisions\/50185"}],"wp:featuredmedia":[{"embeddable":true,"href":"https:\/\/colimdo.org\/wp-api\/wp\/v2\/media\/50184"}],"wp:attachment":[{"href":"https:\/\/colimdo.org\/wp-api\/wp\/v2\/media?parent=50183"}],"wp:term":[{"taxonomy":"category","embeddable":true,"href":"https:\/\/colimdo.org\/wp-api\/wp\/v2\/categories?post=50183"},{"taxonomy":"post_tag","embeddable":true,"href":"https:\/\/colimdo.org\/wp-api\/wp\/v2\/tags?post=50183"}],"curies":[{"name":"wp","href":"https:\/\/api.w.org\/{rel}","templated":true}]}}