{"id":50195,"date":"2019-03-16T02:51:05","date_gmt":"2019-03-16T02:51:05","guid":{"rendered":"https:\/\/colimdo.org\/?p=50195"},"modified":"2019-03-16T02:51:05","modified_gmt":"2019-03-16T02:51:05","slug":"fifa-anuncia-mundial-de-clubes-en-lugar-de-confederaciones-en-2021","status":"publish","type":"post","link":"https:\/\/colimdo.org\/noticias\/fifa-anuncia-mundial-de-clubes-en-lugar-de-confederaciones-en-2021\/","title":{"rendered":"FIFA anuncia Mundial de Clubes en lugar de Confederaciones en 2021"},"content":{"rendered":"<p>ESPN. En el\u00a0Congreso FIFA\u00a0de este viernes,\u00a0Gianni Infantino\u00a0anunci\u00f3 que a partir de 2021 se jugar\u00e1 un nuevo\u00a0Mundial de Clubes\u00a0con 24 equipos participantes, que tomar\u00e1 el lugar la Copa Confederaciones.<\/p>\n<p>&#8220;Tenemos la responsabilidad de asegurarnos que el futbol profesional siga adelante y qu\u00e9 mejor que tener un Mundial de Clubes real&#8221;, explic\u00f3 el suizo en conferencia de prensa, pero no especific\u00f3 con cuantos equipos y lo remiti\u00f3 a posteriores conversaciones con la\u00a0UEFA, que se ha mostrado contraria a una ampliaci\u00f3n del actual formato de la competici\u00f3n.<\/p>\n<p>La nueva justa de clubes se jugar\u00e1 entre junio y julio de 2021, con sede por definir, y entrar\u00e1 en sustituci\u00f3n de la Copa Confederaciones.<\/p>\n<p>En ese sentido, la\u00a0Asociaci\u00f3n de Clubes Europeos (ECA)\u00a0ha enviado una carta a la UEFA para subrayar que ninguno de sus 232 miembros est\u00e1 dispuesto a participar en el nuevo Mundial de Clubes, lo que no pareci\u00f3 importar a Infantino.<\/p>\n<p>&#8220;Todos los grandes equipos van a participar. Vamos a seguir debatiendo pero la visi\u00f3n de la FIFA es incluir a todos y nuestra responsabilidad hoy era tomar una decisi\u00f3n&#8221;, respondi\u00f3 al comentarle el rechazo expresado por los clubes de la asociaci\u00f3n europea (ECA).<\/p>\n<p>&#8220;Respeto las posiciones de todo el mundo, pero estoy seguro de que al final, clubes, ligas, jugadores y asociaciones estar\u00e1n muy satisfechos&#8221;, a\u00f1adi\u00f3 el presidente de la FIFA que habl\u00f3 de un &#8220;impacto positivo en el calendario internacional&#8221;. &#8220;Ocupa un espacio que ya estaba reservado para jugar&#8221;, en referencia a la antigua Copa de las Confederaciones.<\/p>\n<p>Acerca de que el\u00a0Mundial de Catar\u00a0se juegue con 48 selecciones en lugar de 32, la decisi\u00f3n final se dar\u00e1 el pr\u00f3ximo mes de junio. &#8220;Conocemos la situaci\u00f3n de la regi\u00f3n. Catar est\u00e1 abierto a esa opci\u00f3n (la ampliaci\u00f3n de 32 a 48 selecciones) y veremos lo que se puede hacer. Exploraremos las posibilidades y en junio habr\u00e1 una proposici\u00f3n al Congreso&#8221;, indic\u00f3 el presidente de la FIFA, Gianni Infantino, que se mostr\u00f3 abierto a que otros pa\u00edses de la zona compartan con Catar la organizaci\u00f3n.<\/p>\n<p>El pasado 13 de junio, el Congreso de la FIFA acord\u00f3 que M\u00e9xico, Estados Unidos y Canad\u00e1 organizasen en 2026 un Mundial con 48 selecciones.<\/p>\n<p>Si en Catar se mantiene el mismo esquema la Copa del Mundo 2022 pasar\u00e1 de 64 a 80 partidos, con una duraci\u00f3n de 32 d\u00edas. Frente a los 8 grupos de 4 equipos, se 16 grupos de 3 equipos. Los dos primeros de cada equipo se clasificar\u00edan a dieciseisavos.<\/p>\n<p>El reparto acordado entonces de las plazas era el siguiente: Europa tendr\u00eda 16 (frente a los 13 actuales), \u00c1frica 9 (5), Asia 8 (4), Sudam\u00e9rica 6 (4), Norte y Centroam\u00e9rica 6 (3) y Ocean\u00eda se asegura una plaza fija (0). Las otras dos plazas saldr\u00edan de un torneo de repesca en el que participan seis selecciones.<\/p>\n<p>La decisi\u00f3n definitiva se adoptar\u00e1 el 5 de junio, el mismo d\u00eda en el que Gianni Infantino ser\u00e1 reelegido como presidente, tras ser el \u00fanico candidato.<\/p>\n<p>De igual manera, Infantino anunci\u00f3 que para el\u00a0Mundial Femenil\u00a0de este a\u00f1o, se aprob\u00f3 el uso del\u00a0VAR.<\/p>\n<p>En otro punto, se anunci\u00f3 que\u00a0Brasil\u00a0ser\u00e1 la nueva sede del\u00a0Mundial Sub-17\u00a0en sustituci\u00f3n de\u00a0Per\u00fa, pa\u00eds que originalmente iba a organizar esta justa.<\/p>\n","protected":false},"excerpt":{"rendered":"<p>La nueva justa de clubes se jugar\u00e1 entre junio y julio de 2021, con sede por definir, y entrar\u00e1 en sustituci\u00f3n de la Copa Confederaciones.<\/p>\n","protected":false},"author":16,"featured_media":50196,"comment_status":"closed","ping_status":"closed","sticky":false,"template":"","format":"standard","meta":[],"categories":[2,60],"tags":[],"acf":[],"_links":{"self":[{"href":"https:\/\/colimdo.org\/wp-api\/wp\/v2\/posts\/50195"}],"collection":[{"href":"https:\/\/colimdo.org\/wp-api\/wp\/v2\/posts"}],"about":[{"href":"https:\/\/colimdo.org\/wp-api\/wp\/v2\/types\/post"}],"author":[{"embeddable":true,"href":"https:\/\/colimdo.org\/wp-api\/wp\/v2\/users\/16"}],"replies":[{"embeddable":true,"href":"https:\/\/colimdo.org\/wp-api\/wp\/v2\/comments?post=50195"}],"version-history":[{"count":1,"href":"https:\/\/colimdo.org\/wp-api\/wp\/v2\/posts\/50195\/revisions"}],"predecessor-version":[{"id":50197,"href":"https:\/\/colimdo.org\/wp-api\/wp\/v2\/posts\/50195\/revisions\/50197"}],"wp:featuredmedia":[{"embeddable":true,"href":"https:\/\/colimdo.org\/wp-api\/wp\/v2\/media\/50196"}],"wp:attachment":[{"href":"https:\/\/colimdo.org\/wp-api\/wp\/v2\/media?parent=50195"}],"wp:term":[{"taxonomy":"category","embeddable":true,"href":"https:\/\/colimdo.org\/wp-api\/wp\/v2\/categories?post=50195"},{"taxonomy":"post_tag","embeddable":true,"href":"https:\/\/colimdo.org\/wp-api\/wp\/v2\/tags?post=50195"}],"curies":[{"name":"wp","href":"https:\/\/api.w.org\/{rel}","templated":true}]}}