{"id":50209,"date":"2019-03-16T03:28:58","date_gmt":"2019-03-16T03:28:58","guid":{"rendered":"https:\/\/colimdo.org\/?p=50209"},"modified":"2019-03-16T03:28:58","modified_gmt":"2019-03-16T03:28:58","slug":"juan-manuel-marquez-sera-exaltado-al-salon-de-la-fama-del-boxeo","status":"publish","type":"post","link":"https:\/\/colimdo.org\/noticias\/juan-manuel-marquez-sera-exaltado-al-salon-de-la-fama-del-boxeo\/","title":{"rendered":"Juan Manuel M\u00e1rquez ser\u00e1 exaltado al Sal\u00f3n de la Fama del Boxeo"},"content":{"rendered":"<p>ESPN. El legendario boxeador mexicano Juan Manuel &#8216;Dinamita&#8217; M\u00e1rquez ser\u00e1 exaltado en el Sal\u00f3n de la Fama del Boxeo en Nevada, como parte de la Clase 2019 que ser\u00e1 exaltada en el mes de agosto en el Recinto de los Inmortales ubicado en Las Vegas.<\/p>\n<p>Michelle Corrales-Lewis, presidenta del Nevada Boxing Hall of Fame, y la publirrelacionista Nancy Rodr\u00edguez hicieron el anuncio durante la emisi\u00f3n de este viernes de\u00a0<i>A Los Golpes<\/i>\u00a0de ESPN, en donde se le notific\u00f3 al &#8216;Dinamita&#8217; M\u00e1rquez de la decisi\u00f3n.<\/p>\n<p>Juan Manuel, quien fuera campe\u00f3n del mundo en cuatro diferentes divisiones, ser\u00e1 apenas el s\u00e9ptimo mexicano en ser exaltado en este recinto que abri\u00f3 sus puertas en 2013. Julio C\u00e9sar Ch\u00e1vez, Salvador S\u00e1nchez, Ricardo L\u00f3pez, \u00c9rik Morales y Marco Antonio Barrera fueron los primeros representantes aztecas en ser electos para este Sal\u00f3n de la Fama en la categor\u00eda de boxeadores, mientras que el cutman Rafael Garc\u00eda tambi\u00e9n fue entronizado.<\/p>\n<p>M\u00e1rquez M\u00e9ndez, que el siguiente a\u00f1o podr\u00eda ser entronizado en el Sal\u00f3n de la Fama del Boxeo Internacional con sede en Canastota, Nueva York, debut\u00f3 como profesional en mayo de 1993 y conquist\u00f3 su primer campeonato en febrero de 2003 doblegando al tambi\u00e9n mexicano Manuel Medina. Posteriormente, se coron\u00f3 en las divisiones de peso s\u00faper pluma, ligero y s\u00faper ligero, consagr\u00e1ndose como uno de los tres mexicanos en haber logrado el tetracampeonato del mundo.<\/p>\n<p>Sobresalen en la carrera del &#8216;Dinamita&#8217; la serie de cuatro combates que hizo M\u00e1rquez anteel astro filipino Manny Pacquiao, con quien tuvo saldo de dos derrotas, un empate y una victoria, esta \u00faltima por nocaut en diciembre de 2012.<\/p>\n<p>Juan Manuel se retir\u00f3 en 2014 despu\u00e9s de haber vencido al estadounidense Mike Alvarado en el Forum de Inglewood, California. Dej\u00f3 su marca profesional en 56-7-1 y 40 nocauts. Destacaron Corrales y Rodr\u00edguez que M\u00e1rquez fue seleccionado para su exaltaci\u00f3n en este recinto en su primer a\u00f1o de elegibilidad, este a\u00f1o se van a cumplir cinco a\u00f1os de su adi\u00f3s al boxeo.<\/p>\n","protected":false},"excerpt":{"rendered":"<p>Michelle Corrales-Lewis, presidenta del Nevada Boxing Hall of Fame, y la publirrelacionista Nancy Rodr\u00edguez hicieron el anuncio durante la emisi\u00f3n de este viernes de\u00a0A Los Golpes\u00a0de ESPN, en donde se le notific\u00f3 al &#8216;Dinamita&#8217; M\u00e1rquez de la decisi\u00f3n.<\/p>\n","protected":false},"author":16,"featured_media":50210,"comment_status":"closed","ping_status":"closed","sticky":false,"template":"","format":"standard","meta":[],"categories":[2,60],"tags":[],"acf":[],"_links":{"self":[{"href":"https:\/\/colimdo.org\/wp-api\/wp\/v2\/posts\/50209"}],"collection":[{"href":"https:\/\/colimdo.org\/wp-api\/wp\/v2\/posts"}],"about":[{"href":"https:\/\/colimdo.org\/wp-api\/wp\/v2\/types\/post"}],"author":[{"embeddable":true,"href":"https:\/\/colimdo.org\/wp-api\/wp\/v2\/users\/16"}],"replies":[{"embeddable":true,"href":"https:\/\/colimdo.org\/wp-api\/wp\/v2\/comments?post=50209"}],"version-history":[{"count":1,"href":"https:\/\/colimdo.org\/wp-api\/wp\/v2\/posts\/50209\/revisions"}],"predecessor-version":[{"id":50211,"href":"https:\/\/colimdo.org\/wp-api\/wp\/v2\/posts\/50209\/revisions\/50211"}],"wp:featuredmedia":[{"embeddable":true,"href":"https:\/\/colimdo.org\/wp-api\/wp\/v2\/media\/50210"}],"wp:attachment":[{"href":"https:\/\/colimdo.org\/wp-api\/wp\/v2\/media?parent=50209"}],"wp:term":[{"taxonomy":"category","embeddable":true,"href":"https:\/\/colimdo.org\/wp-api\/wp\/v2\/categories?post=50209"},{"taxonomy":"post_tag","embeddable":true,"href":"https:\/\/colimdo.org\/wp-api\/wp\/v2\/tags?post=50209"}],"curies":[{"name":"wp","href":"https:\/\/api.w.org\/{rel}","templated":true}]}}