{"id":50223,"date":"2019-03-16T17:27:32","date_gmt":"2019-03-16T17:27:32","guid":{"rendered":"https:\/\/colimdo.org\/?p=50223"},"modified":"2019-03-16T17:27:32","modified_gmt":"2019-03-16T17:27:32","slug":"real-madrid-vence-al-celta-en-primer-partido-tras-regreso-de-zidane","status":"publish","type":"post","link":"https:\/\/colimdo.org\/noticias\/real-madrid-vence-al-celta-en-primer-partido-tras-regreso-de-zidane\/","title":{"rendered":"Real Madrid vence al Celta en primer partido tras regreso de Zidane"},"content":{"rendered":"<p>MADRID (Paola N\u00fa\u00f1ez | ESPN Digital) &#8212; El Real Madrid venci\u00f3 por 2-0 al Celta de Vigo en el reestreno de Zinedine Zidane en el banquillo merengue gracias a los tantos de Isco y Gareth Bale en la segunda parte.<\/p>\n<p>Zidane dijo haber seguido de cerca al Real Madrid a lo largo de la campa\u00f1a; como testigo a la distancia de las derrotas por goleada o la miseria en ataque sin \u00e9l y sin Cristiano, pero sobre todo sin el &#8216;7&#8217;. Dijo estar al tanto de todo lo que acontec\u00eda en torno al equipo y los problemas en la cancha.<\/p>\n<p>No logr\u00f3 resolverlos del todo en tres d\u00edas pero por algo se empieza.<\/p>\n<p>Gareth Bale recuper\u00f3 las ganas de pelear por su lugar, presente y futuro; Isco y Marcelo, la confianza, y Keylor Navas, el respeto del ocupante del banquillo.<\/p>\n<p>Y aunque el madridismo volvi\u00f3 en s\u00ed pasada la euforia desatada por su regreso para encontrarse con que Isco y Marcelo siguen fuera de forma, que los goles son una rareza como lo eran con Lopetegui o con Solari y que el VAR no se ha ido a ning\u00fan lado, tambi\u00e9n entendi\u00f3 que Zidane volvi\u00f3 para &#8216;salvar&#8217; lo que vea rescatable en el plantel como base del Real Madrid de la pr\u00f3xima campa\u00f1a y ya con eso tienen para darse por satisfechos, pues la misi\u00f3n de &#8220;rescate&#8221; comenz\u00f3 con cierto \u00e9xito.<\/p>\n<p>Discreto, pero \u00e9xito al fin y al cabo.<\/p>\n<p>El mensaje del franc\u00e9s fue inequ\u00edvoco. No vino a revolucionar al equipo, si no a restituir en su puesto a los hombres de jerarqu\u00eda (ganada a pulso en algunos casos) y a partir de ah\u00ed, reconstruir lo que se pudiera.<\/p>\n<p>Empez\u00f3 por llamar a &#8220;su portero&#8221; a la acci\u00f3n. Keylor goz\u00f3 de la titularidad en Liga, algo que no ocurr\u00eda desde principios de enero. Lo pag\u00f3 con una mano salvadora al minuto 15, en un vuelo espectacular de los que no se ve\u00edan hace meses, y en dar algo de seguridad y confianza a su atolondrada zaga.<\/p>\n<p>En las atajadas de Keylor en los primeros compases del encuentro, y cerca del final, cuando m\u00e1s cost\u00f3 al Madrid mantener la m\u00ednima ventaja, dio argumentos al franc\u00e9s para darle el espaldarazo por encima del &#8216;caro&#8217; y renombrado Thibaut Courtois.<\/p>\n<p>Isco y Marcelo, condenados al ostracismo por Santiago Solari debido a su &#8220;baja forma f\u00edsica&#8221; y pobre nivel, fueron de igual manera restituidos en sus puestos y acabaron siendo decisivos.<\/p>\n<p>Celta de Vigo, que deb\u00eda buscar aunque fuera un punto que ayude a su salvaci\u00f3n, fue la explicaci\u00f3n m\u00e1s clara posible a su situaci\u00f3n cerca del descenso. Hizo muy poco para aprovechar el letargo inicial de los merengues y cuando quisieron volver al juego, se toparon con un equipo que los bombardeaba constantemente.<\/p>\n<p>Empezando por Gareth Bale. El gal\u00e9s no dio la actuaci\u00f3n m\u00e1s espectacular que se le recuerde, pero nadie le puede acusar de falta de ganas. O influencia en el juego. Suyas fueron la mayor parte de oportunidades de gol y pele\u00f3 por cada bal\u00f3n, especialmente en la zona defensiva, pues Odriozola, que tambi\u00e9n acus\u00f3 la falta de juego, se ve\u00eda desbordado por momentos.<\/p>\n<p>Bale pudo adelantar al Real Madrid antes del medio tiempo, pero su disparo rebot\u00f3 justo delante de la l\u00ednea de gol despu\u00e9s de pegar en el travesa\u00f1o. El gal\u00e9s tuvo que esperar a que Isco le indicara el camino para conseguir su premio.<\/p>\n<p>El malague\u00f1o, que hab\u00eda comenzado provocando carjacadas despu\u00e9s de perder dos balones de forma infantil, reivindic\u00f3 su actuaci\u00f3n, justific\u00f3 sus berrinches por quedarse en la banca, y en cierta medida hasta su temporada, cuando puso el 1-0 pasada la hora de juego. Fue su primer gol en Liga desde septiembre y lo festej\u00f3 por todo lo alto.<\/p>\n<p>Antes, el VAR hab\u00eda anulado un tanto a Luka Modric, que se hab\u00eda lucido con un monumental disparo desde fuera, por fuera de lugar de Raphael Varane.<\/p>\n<p>La grada enfureci\u00f3 y m\u00e1s el equipo merengue, que no ve\u00eda ya c\u00f3mo abrir la lata despu\u00e9s de una decena de intentos.<\/p>\n<p>Afortunadamente para los blancos aparecieron los m\u00e1s inesperados de todos. Primero Isco, y 15 minutos despu\u00e9s, Marcelo, que con tras una inmensa jugada al contraataque por izquierda puso un servicio perfecto al centro del \u00e1rea para Gareth Bale, que hizo lo propio para batir a Rub\u00e9n Blanco en un mano a mano y poner el 2-0 definitivo.<\/p>\n","protected":false},"excerpt":{"rendered":"<p>Los merengues superaron 2-0 a sus rivales dando muestras de mejor\u00eda luego del regreso del franc\u00e9s al banquillo.  <\/p>\n","protected":false},"author":16,"featured_media":50224,"comment_status":"closed","ping_status":"closed","sticky":false,"template":"","format":"standard","meta":[],"categories":[2,60],"tags":[],"acf":[],"_links":{"self":[{"href":"https:\/\/colimdo.org\/wp-api\/wp\/v2\/posts\/50223"}],"collection":[{"href":"https:\/\/colimdo.org\/wp-api\/wp\/v2\/posts"}],"about":[{"href":"https:\/\/colimdo.org\/wp-api\/wp\/v2\/types\/post"}],"author":[{"embeddable":true,"href":"https:\/\/colimdo.org\/wp-api\/wp\/v2\/users\/16"}],"replies":[{"embeddable":true,"href":"https:\/\/colimdo.org\/wp-api\/wp\/v2\/comments?post=50223"}],"version-history":[{"count":1,"href":"https:\/\/colimdo.org\/wp-api\/wp\/v2\/posts\/50223\/revisions"}],"predecessor-version":[{"id":50225,"href":"https:\/\/colimdo.org\/wp-api\/wp\/v2\/posts\/50223\/revisions\/50225"}],"wp:featuredmedia":[{"embeddable":true,"href":"https:\/\/colimdo.org\/wp-api\/wp\/v2\/media\/50224"}],"wp:attachment":[{"href":"https:\/\/colimdo.org\/wp-api\/wp\/v2\/media?parent=50223"}],"wp:term":[{"taxonomy":"category","embeddable":true,"href":"https:\/\/colimdo.org\/wp-api\/wp\/v2\/categories?post=50223"},{"taxonomy":"post_tag","embeddable":true,"href":"https:\/\/colimdo.org\/wp-api\/wp\/v2\/tags?post=50223"}],"curies":[{"name":"wp","href":"https:\/\/api.w.org\/{rel}","templated":true}]}}