{"id":50229,"date":"2019-03-16T17:57:29","date_gmt":"2019-03-16T17:57:29","guid":{"rendered":"https:\/\/colimdo.org\/?p=50229"},"modified":"2019-03-16T17:57:29","modified_gmt":"2019-03-16T17:57:29","slug":"nestor-che-garcia-dirigira-a-rd-en-el-mundial-de-baloncesto","status":"publish","type":"post","link":"https:\/\/colimdo.org\/noticias\/nestor-che-garcia-dirigira-a-rd-en-el-mundial-de-baloncesto\/","title":{"rendered":"Nestor \u201cChe\u201d Garc\u00eda dirigir\u00e1 a RD en el Mundial de Baloncesto"},"content":{"rendered":"<p>SANTO DOMINGO.- La Federaci\u00f3n Dominicana de Baloncesto (FEDOMBAL) anunci\u00f3 hoy que el argentino N\u00e9stor \u201cChe\u201d Garc\u00eda ser\u00e1 el dirigente de la Selecci\u00f3n Nacional que participar\u00e1 en la Copa del Mundo FIBA 2019, que se celebrar\u00e1 del 31 de agosto al 15 de septiembre en China.<\/p>\n<p>Garc\u00eda, de 54 a\u00f1os de edad, ha sido dirigente de las selecciones nacionales de Uruguay (2003), Argentina (2012) y Venezuela (\u202a2013-2016\u202c), llevando a estos \u00faltimos a la conquista del Campeonato FIBA Am\u00e9ricas 2015, el cual les dio el derecho de participar en los Juegos Ol\u00edmpicos de R\u00edo de Janeiro 2016.<\/p>\n<p>Su experiencia como capataz tambi\u00e9n incluye las ligas profesionales de Puerto Rico, Argentina, Arabia Saudita, Venezuela, Uruguay, M\u00e9xico y Espa\u00f1a.<\/p>\n<p>Adem\u00e1s, el oriundo de Bah\u00eda Blanca, Argentina, fungi\u00f3 como asistente con Puerto Rico en 2001.<\/p>\n<p>\u201cEntendemos que Garc\u00eda es el hombre para conducirnos en el pr\u00f3ximo nivel. Sus conocimientos del juego, capacidad de motivaci\u00f3n y de sacar el m\u00e1ximo de sus jugadores son de las cosas que nos han motivado a tomar esta decisi\u00f3n\u201d, dijo Rafael Uribe, presidente de FEDOMBAL.<\/p>\n<p>Asimismo, la FEDOMBAL dio a conocer que Melvyn L\u00f3pez se mantendr\u00e1 dentro del cuerpo t\u00e9cnico en calidad de asistente, tras su gran desempe\u00f1o en el Clasificatorio de las Am\u00e9ricas.<\/p>\n<p>L\u00f3pez se convirti\u00f3 en el tercer director t\u00e9cnico que clasifica a la Rep\u00fablica Dominicana a una Copa del Mundo de Baloncesto en su historia.<\/p>\n<p>\u201cMelvyn hizo un extraordinario trabajo en las ventanas. Tuvo que lidiar con equipos diferentes, poco tiempo de preparaci\u00f3n y a\u00fan as\u00ed logr\u00f3 el objetivo. Estamos muy agradecidos de \u00e9l y s\u00e9 que tambi\u00e9n ser\u00e1 de mucha ayuda para nosotros en esta etapa\u201d, indic\u00f3 Uribe.<\/p>\n<p>De su lado, el gerente general Francisco Garc\u00eda tambi\u00e9n tuvo palabras de elogios para L\u00f3pez, se\u00f1alando que \u201ces un gran profesional del que estamos muy satisfechos y a la vez contentos de que se mantenga en este proyecto\u201d.<\/p>\n<div class=\"wpcnt\"><\/div>\n","protected":false},"excerpt":{"rendered":"<p>El sustituido dirigente Melvyn L\u00f3pez seguir\u00e1 como parte del cuerpo t\u00e9cnico del seleccionado nacional.<\/p>\n","protected":false},"author":16,"featured_media":50230,"comment_status":"closed","ping_status":"closed","sticky":false,"template":"","format":"standard","meta":[],"categories":[2,60],"tags":[],"acf":[],"_links":{"self":[{"href":"https:\/\/colimdo.org\/wp-api\/wp\/v2\/posts\/50229"}],"collection":[{"href":"https:\/\/colimdo.org\/wp-api\/wp\/v2\/posts"}],"about":[{"href":"https:\/\/colimdo.org\/wp-api\/wp\/v2\/types\/post"}],"author":[{"embeddable":true,"href":"https:\/\/colimdo.org\/wp-api\/wp\/v2\/users\/16"}],"replies":[{"embeddable":true,"href":"https:\/\/colimdo.org\/wp-api\/wp\/v2\/comments?post=50229"}],"version-history":[{"count":1,"href":"https:\/\/colimdo.org\/wp-api\/wp\/v2\/posts\/50229\/revisions"}],"predecessor-version":[{"id":50231,"href":"https:\/\/colimdo.org\/wp-api\/wp\/v2\/posts\/50229\/revisions\/50231"}],"wp:featuredmedia":[{"embeddable":true,"href":"https:\/\/colimdo.org\/wp-api\/wp\/v2\/media\/50230"}],"wp:attachment":[{"href":"https:\/\/colimdo.org\/wp-api\/wp\/v2\/media?parent=50229"}],"wp:term":[{"taxonomy":"category","embeddable":true,"href":"https:\/\/colimdo.org\/wp-api\/wp\/v2\/categories?post=50229"},{"taxonomy":"post_tag","embeddable":true,"href":"https:\/\/colimdo.org\/wp-api\/wp\/v2\/tags?post=50229"}],"curies":[{"name":"wp","href":"https:\/\/api.w.org\/{rel}","templated":true}]}}