{"id":50232,"date":"2019-03-16T18:57:22","date_gmt":"2019-03-16T18:57:22","guid":{"rendered":"https:\/\/colimdo.org\/?p=50232"},"modified":"2019-03-16T18:57:22","modified_gmt":"2019-03-16T18:57:22","slug":"nadal-se-retira-por-molestias-en-una-rodilla-y-federer-avanza-en-indian-wells","status":"publish","type":"post","link":"https:\/\/colimdo.org\/noticias\/nadal-se-retira-por-molestias-en-una-rodilla-y-federer-avanza-en-indian-wells\/","title":{"rendered":"Nadal se retira por molestias en una rodilla y Federer avanza en Indian Wells"},"content":{"rendered":"<p>Finalmente Rafael Nadal se baj\u00f3 en el Masters 1000 de Indian Wells por molestias en una rodilla y no se present\u00f3 contra el suizo Roger Federer en las semifinales.<\/p>\n<p>A pesar de haber entrenado durante la ma\u00f1ana, el balear no present\u00f3 una mejor\u00eda con respecto a ayer y decidi\u00f3 no forzar y retirarse antes del duelo de segundo turno.<\/p>\n<p>&#8220;Nadal se ha retirado del torneo debido a una lesi\u00f3n en la rodilla derecha. Deseamos a Rafa una pronta recuperaci\u00f3n. Roger Federer avanza a la final a pie&#8221;, informaron los organizadores.<\/p>\n<p>&#8220;Sent\u00ed un pinchazo en la rodilla, quise esperar las 24 hs. hasta hoy para ver como me sent\u00eda, hice en la entrada en calor, pero me di cuenta que no me sent\u00eda competitivo&#8221;, dijo en conferencia de prensa.<\/p>\n<p>Incluso no se presentar\u00e1 en Miami para estar lo mejor posible en la gira de polvo de ladrillo: &#8220;mi pr\u00f3ximo torneo ser\u00e1 Montecarlo&#8221;.<\/p>\n<p>Para Nadal, el de Indian Wells 2019 es su quinto retiro por no presentaci\u00f3n en su carrera. \u00bfLos anteriores? Par\u00eds 2017, Roland Garros 2016, Miami 2012 y Estoril 2004. Es el primero en el historial contra Federer.<\/p>\n<p>&nbsp;<\/p>\n","protected":false},"excerpt":{"rendered":"<p>A pesar de haber entrenado durante la ma\u00f1ana, el balear no present\u00f3 una mejor\u00eda con respecto a ayer y decidi\u00f3 no forzar y retirarse antes del duelo de segundo turno.<\/p>\n","protected":false},"author":16,"featured_media":50233,"comment_status":"closed","ping_status":"closed","sticky":false,"template":"","format":"standard","meta":[],"categories":[2,60],"tags":[],"acf":[],"_links":{"self":[{"href":"https:\/\/colimdo.org\/wp-api\/wp\/v2\/posts\/50232"}],"collection":[{"href":"https:\/\/colimdo.org\/wp-api\/wp\/v2\/posts"}],"about":[{"href":"https:\/\/colimdo.org\/wp-api\/wp\/v2\/types\/post"}],"author":[{"embeddable":true,"href":"https:\/\/colimdo.org\/wp-api\/wp\/v2\/users\/16"}],"replies":[{"embeddable":true,"href":"https:\/\/colimdo.org\/wp-api\/wp\/v2\/comments?post=50232"}],"version-history":[{"count":1,"href":"https:\/\/colimdo.org\/wp-api\/wp\/v2\/posts\/50232\/revisions"}],"predecessor-version":[{"id":50234,"href":"https:\/\/colimdo.org\/wp-api\/wp\/v2\/posts\/50232\/revisions\/50234"}],"wp:featuredmedia":[{"embeddable":true,"href":"https:\/\/colimdo.org\/wp-api\/wp\/v2\/media\/50233"}],"wp:attachment":[{"href":"https:\/\/colimdo.org\/wp-api\/wp\/v2\/media?parent=50232"}],"wp:term":[{"taxonomy":"category","embeddable":true,"href":"https:\/\/colimdo.org\/wp-api\/wp\/v2\/categories?post=50232"},{"taxonomy":"post_tag","embeddable":true,"href":"https:\/\/colimdo.org\/wp-api\/wp\/v2\/tags?post=50232"}],"curies":[{"name":"wp","href":"https:\/\/api.w.org\/{rel}","templated":true}]}}