{"id":50238,"date":"2019-03-16T21:38:59","date_gmt":"2019-03-16T21:38:59","guid":{"rendered":"https:\/\/colimdo.org\/?p=50238"},"modified":"2019-03-16T21:38:59","modified_gmt":"2019-03-16T21:38:59","slug":"atletas-de-america-latina-ganan-medallas-en-juegos-mundiales-de-olimpiadas-especiales","status":"publish","type":"post","link":"https:\/\/colimdo.org\/noticias\/atletas-de-america-latina-ganan-medallas-en-juegos-mundiales-de-olimpiadas-especiales\/","title":{"rendered":"Atletas de Am\u00e9rica Latina ganan medallas en Juegos Mundiales de Olimpiadas Especiales"},"content":{"rendered":"<p>ABU DABI.-\u00a0 Miles de atletas participaron en sus primeros pasos hacia el cumplimiento de sus sue\u00f1os de convertirse en campeones mundiales de Olimpiadas Especiales. Dos de esas atletas son Yuliana Mora, de Olimpiadas Especiales Costa Rica y Yaritza Parrado Fern\u00e1ndez, de Olimpiadas Especiales Cuba.<\/p>\n<p>Desde aprender a nadar en un r\u00edo lleno de cocodrilos hasta ganar una medalla de oro en los Juegos Mundiales de Olimpiadas Especiales Abu Dabi 2019, Yuliana Mora ha recorrido un largo camino. La atleta de Olimpiadas Especiales de Costa Rica de 15 a\u00f1os gan\u00f3 el oro en la competencia de nataci\u00f3n de 400 metros celebrada en el Complejo Deportivo Hamdan de Dubai el pasado viernes 15 marzo.<\/p>\n<p>Despu\u00e9s de su impresionante victoria en Dubai y con l\u00e1grimas de felicidad en sus ojos, Yuliana dedic\u00f3 su medalla de oro a sus padres que est\u00e1n en casa en Costa Rica.<\/p>\n<p>Por su lado<strong>,\u00a0<\/strong>Yaritza Parrado se llev\u00f3 una medalla de oro en la competencia de levantamiento de pesas, levantando un peso total de 245.44 kg. La medalla de oro de Yaritza es su primera medalla de los Juegos Mundiales y la primera medalla de oro otorgada en los Juegos de 2019.<\/p>\n<p>Los Juegos Mundiales de Olimpiadas Especiales Abu Dabi 2019 ser\u00e1 el evento deportivo y humanitario m\u00e1s grande del mundo en 2019. Del 14 al 21 de marzo, m\u00e1s de 7,500 atletas y 3,000 entrenadores, que representan a 200 naciones, estar\u00e1n en Abu Dabi y Dubai para los<br \/>\nJuegos Mundiales.<\/p>\n<p>Los primeros Juegos Mundiales de Olimpiadas Especiales que se llevar\u00e1n a cabo en Medio Oriente y \u00c1frica del Norte tambi\u00e9n ser\u00e1n los Juegos m\u00e1s unificados en los 50 a\u00f1os de historia del movimiento Olimpiadas Especiales, con la inclusi\u00f3n de personas con y sin discapacidad intelectual en todas las \u00e1reas del evento.<\/p>\n<p>Para obtener m\u00e1s informaci\u00f3n sobre los Juegos Mundiales de Olimpiadas Especiales Abu Dabi 2019 visite abuDhabi2019.org.<\/p>\n","protected":false},"excerpt":{"rendered":"<p>Los atletas conquistaron las primeras medallas doradas en el evento mundial.<\/p>\n","protected":false},"author":16,"featured_media":50239,"comment_status":"closed","ping_status":"closed","sticky":false,"template":"","format":"standard","meta":[],"categories":[2,60],"tags":[],"acf":[],"_links":{"self":[{"href":"https:\/\/colimdo.org\/wp-api\/wp\/v2\/posts\/50238"}],"collection":[{"href":"https:\/\/colimdo.org\/wp-api\/wp\/v2\/posts"}],"about":[{"href":"https:\/\/colimdo.org\/wp-api\/wp\/v2\/types\/post"}],"author":[{"embeddable":true,"href":"https:\/\/colimdo.org\/wp-api\/wp\/v2\/users\/16"}],"replies":[{"embeddable":true,"href":"https:\/\/colimdo.org\/wp-api\/wp\/v2\/comments?post=50238"}],"version-history":[{"count":1,"href":"https:\/\/colimdo.org\/wp-api\/wp\/v2\/posts\/50238\/revisions"}],"predecessor-version":[{"id":50240,"href":"https:\/\/colimdo.org\/wp-api\/wp\/v2\/posts\/50238\/revisions\/50240"}],"wp:featuredmedia":[{"embeddable":true,"href":"https:\/\/colimdo.org\/wp-api\/wp\/v2\/media\/50239"}],"wp:attachment":[{"href":"https:\/\/colimdo.org\/wp-api\/wp\/v2\/media?parent=50238"}],"wp:term":[{"taxonomy":"category","embeddable":true,"href":"https:\/\/colimdo.org\/wp-api\/wp\/v2\/categories?post=50238"},{"taxonomy":"post_tag","embeddable":true,"href":"https:\/\/colimdo.org\/wp-api\/wp\/v2\/tags?post=50238"}],"curies":[{"name":"wp","href":"https:\/\/api.w.org\/{rel}","templated":true}]}}