{"id":50259,"date":"2019-03-17T00:27:35","date_gmt":"2019-03-17T00:27:35","guid":{"rendered":"https:\/\/colimdo.org\/?p=50259"},"modified":"2019-03-17T00:27:35","modified_gmt":"2019-03-17T00:27:35","slug":"estevan-florial-se-fractura-la-muneca-derecha-en-pretemporada","status":"publish","type":"post","link":"https:\/\/colimdo.org\/noticias\/estevan-florial-se-fractura-la-muneca-derecha-en-pretemporada\/","title":{"rendered":"Estevan Florial se fractura la mu\u00f1eca derecha en pretemporada"},"content":{"rendered":"<p>TAMPA, Florida \u2013 El cotizado prospecto de los Yankees, Estevan Florial, comenzar\u00e1 la temporada de liga menor fuera de acci\u00f3n, ya que sufri\u00f3 una fractura sin desplazamiento en la mu\u00f1eca derecha el s\u00e1bado en la victoria de Nueva York por 17-7 sobre los Azulejos en el George M. Steinbrenner Field.<\/p>\n<p>El jardinero dominicano, considerado el prospecto n\u00famero 57 de Grandes Ligas por MLB Pipeline, choc\u00f3 con el muro del bosque-central en el octavo inning en un intento por atrapar una l\u00ednea de Danny Jansen.<\/p>\n<p>Florial, de 21 a\u00f1os, llevaba buen paso en la Liga de la Toronja, con 11 imparables en 31 turnos al bate (.355), adem\u00e1s de dos dobles, un jonr\u00f3n, cuatro remolcadas y cinco bases robadas en 13 compromisos.<\/p>\n<p>El gerente general Brian Cashman dijo hace poco que estaba ponderando enviarlo a Doble-A Trenton para comenzar la temporada, pero ahora luce m\u00e1s probable que regrese a Clase A Fuerte Tampa, donde jug\u00f3 durante la mayor parte del 2018.<\/p>\n<p>Florial tuvo promedio combinado de .283 en tres niveles de la finca de los Yankees en el 2018, aunque solamente vio acci\u00f3n en 84 compromisos y perdi\u00f3 dos meses por una cirug\u00eda en la mano derecha en mayo.<\/p>\n<p>No se sabe por cu\u00e1nto tiempo Florial est\u00e9 fuera de acci\u00f3n.<\/p>\n","protected":false},"excerpt":{"rendered":"<p>El jardinero dominicano, considerado el prospecto n\u00famero 57 de Grandes Ligas por MLB Pipeline, choc\u00f3 con el muro del bosque-central en el octavo inning en un intento por atrapar una l\u00ednea de Danny Jansen.<\/p>\n","protected":false},"author":16,"featured_media":50260,"comment_status":"closed","ping_status":"closed","sticky":false,"template":"","format":"standard","meta":[],"categories":[2,60],"tags":[],"acf":[],"_links":{"self":[{"href":"https:\/\/colimdo.org\/wp-api\/wp\/v2\/posts\/50259"}],"collection":[{"href":"https:\/\/colimdo.org\/wp-api\/wp\/v2\/posts"}],"about":[{"href":"https:\/\/colimdo.org\/wp-api\/wp\/v2\/types\/post"}],"author":[{"embeddable":true,"href":"https:\/\/colimdo.org\/wp-api\/wp\/v2\/users\/16"}],"replies":[{"embeddable":true,"href":"https:\/\/colimdo.org\/wp-api\/wp\/v2\/comments?post=50259"}],"version-history":[{"count":1,"href":"https:\/\/colimdo.org\/wp-api\/wp\/v2\/posts\/50259\/revisions"}],"predecessor-version":[{"id":50261,"href":"https:\/\/colimdo.org\/wp-api\/wp\/v2\/posts\/50259\/revisions\/50261"}],"wp:featuredmedia":[{"embeddable":true,"href":"https:\/\/colimdo.org\/wp-api\/wp\/v2\/media\/50260"}],"wp:attachment":[{"href":"https:\/\/colimdo.org\/wp-api\/wp\/v2\/media?parent=50259"}],"wp:term":[{"taxonomy":"category","embeddable":true,"href":"https:\/\/colimdo.org\/wp-api\/wp\/v2\/categories?post=50259"},{"taxonomy":"post_tag","embeddable":true,"href":"https:\/\/colimdo.org\/wp-api\/wp\/v2\/tags?post=50259"}],"curies":[{"name":"wp","href":"https:\/\/api.w.org\/{rel}","templated":true}]}}