{"id":50271,"date":"2019-03-17T15:44:26","date_gmt":"2019-03-17T15:44:26","guid":{"rendered":"https:\/\/colimdo.org\/?p=50271"},"modified":"2019-03-17T15:44:26","modified_gmt":"2019-03-17T15:44:26","slug":"maradona-critica-a-infantino-por-querer-aumentar-equipos-para-el-mindial-de-catar","status":"publish","type":"post","link":"https:\/\/colimdo.org\/noticias\/maradona-critica-a-infantino-por-querer-aumentar-equipos-para-el-mindial-de-catar\/","title":{"rendered":"Maradona critica a Infantino por querer aumentar equipos para el Mindial de Catar"},"content":{"rendered":"<p class=\"canvas-atom canvas-text Mb(1.0em) Mb(0)--sm Mt(0.8em)--sm\">Culiac\u00e1n (M\u00e9xico), 17 mar (EFE).- El argentino Diego Armando Maradona volvi\u00f3 a criticar al presidente de la FIFA, el suizo Gianni Infantino, por su propuesta de aumentar de 32 a 48 el n\u00famero de selecciones para el Mundial de Catar 2022.<\/p>\n<p class=\"canvas-atom canvas-text Mb(1.0em) Mb(0)--sm Mt(0.8em)--sm\">&#8220;Infantino antes de las elecciones me llamaba, despu\u00e9s ya no. Quiero aclararle que no soy su obrero, sino t\u00e9cnico de Dorados y defiendo el f\u00fatbol. Si Infantino quiere hacer de esto un show de medio tiempo es una verg\u00fcenza, el intentar copiar a los americanos; el f\u00fatbol es otra cosa, no es el S\u00faper Bowl&#8221;, se\u00f1al\u00f3.<\/p>\n<p class=\"canvas-atom canvas-text Mb(1.0em) Mb(0)--sm Mt(0.8em)--sm\">El argentino reprob\u00f3 la pol\u00edtica de la FIFA e insisti\u00f3 en que las cosas que le prometi\u00f3 Infantino antes de asumir la presidencia del organismo mundial del f\u00fatbol, no se han cumplido.<\/p>\n<p class=\"canvas-atom canvas-text Mb(1.0em) Mb(0)--sm Mt(0.8em)--sm\">&#8220;Si Infantino quiere hablar conmigo, tiene mi n\u00famero de tel\u00e9fono, no necesita nexos para comunicarse con mi persona. Lo que puedo afirmar es que estoy caliente porque antes de las elecciones se prometieron algunas cosas y no se han cumplido y eso se llama traicionar a la gente&#8221;, dijo.<\/p>\n<p class=\"canvas-atom canvas-text Mb(1.0em) Mb(0)--sm Mt(0.8em)--sm\">En relaci\u00f3n al partido que su equipo del Ascenso del f\u00fatbol mexicano, los Dorados de Sinaloa, empat\u00f3 1-1 ante Mineros de Zacatecas, Diego Maradona dio explicaciones del por qu\u00e9 el argentino Fabian Bordagaray no inici\u00f3 el encuentro aunque al final haya conseguido el gol del empate sobre la hora.<\/p>\n<p class=\"canvas-atom canvas-text Mb(1.0em) Mb(0)--sm Mt(0.8em)--sm\">&#8220;Ac\u00e1 est\u00e1n todos los jugadores aptos para jugar, decido yo qui\u00e9n entra y lo que pasa con los dem\u00e1s. En el caso de Bordagaray estuve hablando con \u00e9l, de c\u00f3mo celebr\u00f3 el gol, lleg\u00f3 un momento que hasta se me nubl\u00f3 la vista en los festejos, pero la verdad es que todos mis jugadores rindieron al m\u00e1ximo&#8221;, coment\u00f3.<\/p>\n<p class=\"canvas-atom canvas-text Mb(1.0em) Mb(0)--sm Mt(0.8em)--sm\">Los Dorados de Maradona se mantienen a dos puntos de la zona de liguilla y Maradona conf\u00eda en que conseguir\u00e1n la clasificaci\u00f3n para disputar la fase de los ocho mejores.<\/p>\n<p class=\"canvas-atom canvas-text Mb(1.0em) Mb(0)--sm Mt(0.8em)--sm\">&#8220;Tengo fe en mis jugadores, se lo dije apenas regresamos al vestuario, que me sent\u00eda orgulloso de ser el director de Dorados; a\u00fan perdiendo en nuestro campo no tiramos patadas ni ofendimos al rival, s\u00f3lo jugamos al f\u00fatbol, y por eso empatamos, prueba de ello es que el 10 de nuestro rival termin\u00f3 de libero, sacando las pelotas de su campo&#8221;, concluy\u00f3.<\/p>\n","protected":false},"excerpt":{"rendered":"<p>El argentino reprob\u00f3 la pol\u00edtica de la FIFA e insisti\u00f3 en que las cosas que le prometi\u00f3 Infantino antes de asumir la presidencia del organismo mundial del f\u00fatbol, no se han cumplido.<\/p>\n","protected":false},"author":16,"featured_media":50272,"comment_status":"closed","ping_status":"closed","sticky":false,"template":"","format":"standard","meta":[],"categories":[2,60],"tags":[],"acf":[],"_links":{"self":[{"href":"https:\/\/colimdo.org\/wp-api\/wp\/v2\/posts\/50271"}],"collection":[{"href":"https:\/\/colimdo.org\/wp-api\/wp\/v2\/posts"}],"about":[{"href":"https:\/\/colimdo.org\/wp-api\/wp\/v2\/types\/post"}],"author":[{"embeddable":true,"href":"https:\/\/colimdo.org\/wp-api\/wp\/v2\/users\/16"}],"replies":[{"embeddable":true,"href":"https:\/\/colimdo.org\/wp-api\/wp\/v2\/comments?post=50271"}],"version-history":[{"count":1,"href":"https:\/\/colimdo.org\/wp-api\/wp\/v2\/posts\/50271\/revisions"}],"predecessor-version":[{"id":50273,"href":"https:\/\/colimdo.org\/wp-api\/wp\/v2\/posts\/50271\/revisions\/50273"}],"wp:featuredmedia":[{"embeddable":true,"href":"https:\/\/colimdo.org\/wp-api\/wp\/v2\/media\/50272"}],"wp:attachment":[{"href":"https:\/\/colimdo.org\/wp-api\/wp\/v2\/media?parent=50271"}],"wp:term":[{"taxonomy":"category","embeddable":true,"href":"https:\/\/colimdo.org\/wp-api\/wp\/v2\/categories?post=50271"},{"taxonomy":"post_tag","embeddable":true,"href":"https:\/\/colimdo.org\/wp-api\/wp\/v2\/tags?post=50271"}],"curies":[{"name":"wp","href":"https:\/\/api.w.org\/{rel}","templated":true}]}}