{"id":50274,"date":"2019-03-17T15:56:35","date_gmt":"2019-03-17T15:56:35","guid":{"rendered":"https:\/\/colimdo.org\/?p=50274"},"modified":"2019-03-17T15:57:56","modified_gmt":"2019-03-17T15:57:56","slug":"alemania-satisfecha-por-el-sorteo-de-la-copa-del-mundo-en-grupo-donde-esta-rd","status":"publish","type":"post","link":"https:\/\/colimdo.org\/noticias\/alemania-satisfecha-por-el-sorteo-de-la-copa-del-mundo-en-grupo-donde-esta-rd\/","title":{"rendered":"Alemania, satisfecha por resultado del sorteo de la Copa del Mundo"},"content":{"rendered":"<p>HAGEN (Germany) &#8211; Los l\u00edderes del baloncesto alem\u00e1n han expresado su satisfacci\u00f3n tras el\u00a0sorteo de la Copa del Mundo FIBA 2019\u00a0pero admiten que est\u00e1n nerviosos por un posible cruce en el grupo de Segunda Ronda.<\/p>\n<p>Alemania fue encuadrada en el grupo B en la Copa del Mundo que se disputar\u00e1 del 31 de agosto al 15 de septiembre compartiendo plaza con Rep\u00fablica Dominicana, Francia y Jordania. Los dos primeros equipos avanzar\u00e1n a la Segunda Ronda, donde Alemania ser\u00e1 emparejada con dos equipos del complicado grupo H, que incluye a Canad\u00e1, Senegal, Lituania y Australia.<\/p>\n<p><span class=\"s1\">&#8220;Esto fue incre\u00edblemente excitante&#8230; Si hubi\u00e9semos ca\u00eddo en el grupo A (Costa de Marfil, Polonia, Venezuela y China) hubiese sido un sue\u00f1o cumplido, pero est\u00e1 bien&#8221;, dijo el seleccionador alem\u00e1n Henrik Rodl tras el sorteo. &#8220;Afortunadamente no ca\u00edmos en el grupo de Estados Unidos (Grupo E con Turqu\u00eda, Rep\u00fablica Checa y Jap\u00f3n). Pero el cruce de grupos es brutal&#8221;.<\/span><\/p>\n<p><span class=\"s1\">Por su parte, el capit\u00e1n del equipo, Robin Benzing, se ha centrado en las cosas positivas.<\/span><\/p>\n<p class=\"p1\"><span class=\"s1\">&#8220;\u00a1Qu\u00e9 emocionante estuvo! Casi ca\u00edmos en el grupo de Estados Unidos. Pero la suerte nos sonri\u00f3&#8221;, dijo. &#8220;El grupo est\u00e1 bien, podemos vivir con ello. Por supuesto, el cruce es extremadamente duro, pero queremos terminar primeros de grupo&#8221;.\u00a0<\/span><\/p>\n<p class=\"p1\"><span class=\"s1\">El presidente de la Federaci\u00f3n Alemana de Baloncesto (DBB) Ingo Weiss incidi\u00f3 en la importancia de que su equipo crea:&#8221;Estoy muy satisfecho con el sorteo. Por supuesto no vamos a tener rivales f\u00e1cil, pero vamos a intentar conseguir el t\u00edtulo y estamos seguiros de que vamos a ser un rival muy inc\u00f3modo para cualquiera que se quiera enfrentar a nosotros&#8221;.\u00a0<\/span><\/p>\n","protected":false},"excerpt":{"rendered":"<p>Alemania fue encuadrada en el grupo B en la Copa del Mundo que se disputar\u00e1 del 31 de agosto al 15 de septiembre compartiendo plaza con Rep\u00fablica Dominicana, Francia y Jordania.<\/p>\n","protected":false},"author":16,"featured_media":50275,"comment_status":"closed","ping_status":"closed","sticky":false,"template":"","format":"standard","meta":[],"categories":[2,60],"tags":[],"acf":[],"_links":{"self":[{"href":"https:\/\/colimdo.org\/wp-api\/wp\/v2\/posts\/50274"}],"collection":[{"href":"https:\/\/colimdo.org\/wp-api\/wp\/v2\/posts"}],"about":[{"href":"https:\/\/colimdo.org\/wp-api\/wp\/v2\/types\/post"}],"author":[{"embeddable":true,"href":"https:\/\/colimdo.org\/wp-api\/wp\/v2\/users\/16"}],"replies":[{"embeddable":true,"href":"https:\/\/colimdo.org\/wp-api\/wp\/v2\/comments?post=50274"}],"version-history":[{"count":3,"href":"https:\/\/colimdo.org\/wp-api\/wp\/v2\/posts\/50274\/revisions"}],"predecessor-version":[{"id":50278,"href":"https:\/\/colimdo.org\/wp-api\/wp\/v2\/posts\/50274\/revisions\/50278"}],"wp:featuredmedia":[{"embeddable":true,"href":"https:\/\/colimdo.org\/wp-api\/wp\/v2\/media\/50275"}],"wp:attachment":[{"href":"https:\/\/colimdo.org\/wp-api\/wp\/v2\/media?parent=50274"}],"wp:term":[{"taxonomy":"category","embeddable":true,"href":"https:\/\/colimdo.org\/wp-api\/wp\/v2\/categories?post=50274"},{"taxonomy":"post_tag","embeddable":true,"href":"https:\/\/colimdo.org\/wp-api\/wp\/v2\/tags?post=50274"}],"curies":[{"name":"wp","href":"https:\/\/api.w.org\/{rel}","templated":true}]}}