{"id":50293,"date":"2019-03-17T18:43:07","date_gmt":"2019-03-17T18:43:07","guid":{"rendered":"https:\/\/colimdo.org\/?p=50293"},"modified":"2019-03-17T18:43:07","modified_gmt":"2019-03-17T18:43:07","slug":"fedotri-celebra-competencia-de-acuatlon-en-samana","status":"publish","type":"post","link":"https:\/\/colimdo.org\/noticias\/fedotri-celebra-competencia-de-acuatlon-en-samana\/","title":{"rendered":"Fedotri celebra competencia de acuatl\u00f3n en Saman\u00e1"},"content":{"rendered":"<p class=\"x_MsoNormal\">SAMAN\u00c1.- La identificaci\u00f3n y captaci\u00f3n de talentos es la prioridad principal que tiene la Federaci\u00f3n Dominicana de Triatl\u00f3n (Fedotri), que se enmarca dentro del Programa Nacional de Desarrollo que implementa en la gesti\u00f3n 2017-21.<\/p>\n<p class=\"x_MsoNormal\">Franklin de la Cruz, presidente de Fedotri, valor\u00f3 esa iniciativa de la cual dijo dejar\u00e1 buenos resultados en el futuro cercano, porque estamos captando a temprana edad a esos ni\u00f1os y j\u00f3venes que sienten pasi\u00f3n por la disciplina del triatl\u00f3n, a trav\u00e9s de la nataci\u00f3n, el atletismo y el ciclismo.<\/p>\n<p class=\"x_MsoNormal\">Es por ello, que el calendario de actividades para impulsar y desarrollar el triatl\u00f3n en todo el pa\u00eds encontr\u00f3 espacio este s\u00e1bado con la exitosa celebraci\u00f3n de una Competencia Regional de Acuatl\u00f3n, en playa Los Cacao de Saman\u00e1, con la participaci\u00f3n de unos 120 competidores.<\/p>\n<p class=\"x_MsoNormal\">Sostuvo que desde las 4:00 de la tarde y en diferentes categor\u00edas accionaron atletas que van desde los 8 a\u00f1os y menos, 9-11, 12-13, 14-15, 16-19 hasta sub-23 a\u00f1os, bajo la coordinaci\u00f3n de Arist\u00f3teles Neuman, presidente de la Asociaci\u00f3n de Triatl\u00f3n de Saman\u00e1.<\/p>\n<p class=\"x_MsoNormal\">Los ganadores de las diferentes categor\u00edas fueron en 10 a\u00f1os y menos, Luis Kelly, quien marc\u00f3 un tiempo de 4:29, quedando en segundo lugar Jefferson Rosario con 4:35 y en tercer lugar Eduardo Manuel, 4:52.<\/p>\n<p class=\"x_MsoNormal\">En la categor\u00eda, 11-12 a\u00f1os, domin\u00f3 Manuel Paredes, con tiempo de 6:41; seguido de Danluis Sergio And\u00fajar, 8:35, y Adalberto Eusebio, 9:52. En femenino, Adonairis Jim\u00e9nez logr\u00f3 marca de 8:35 y en segundo Rossy Elianny King 10:04.<\/p>\n<p class=\"x_MsoNormal\">En 13-14 a\u00f1os, el primer puesto correspondi\u00f3 para F\u00e9lix Severino, 7:57; y segundo cupo para Brailin Tineo, 8:00, y tercero Nando Javier, 8:11.<\/p>\n<p class=\"x_MsoNormal\">En 15 a\u00f1os y m\u00e1s, Erickson Gervacio domin\u00f3 con tiempo de 7:37, en segundo qued\u00f3 Jos\u00e9 Daniel Espino, 7:51; y en tercero Jorge Luis Jim\u00e9nez, tuvo registro de 8:06.<\/p>\n<p class=\"x_MsoNormal\">Y en la rama femenina 13-15 a\u00f1os, Elianny King se impuso con tiempo de 8:47.<\/p>\n<p class=\"x_MsoNormal\">De la Cruz recalc\u00f3 que se pudo observar un despegue en la identificaci\u00f3n de los chicos en las diferentes categor\u00edas que estar\u00e1n representando a estas provincias en los eventos nacionales.<\/p>\n<p class=\"x_MsoNormal\">\u00a0\u201cEstamos poniendo muchos esfuerzos para celebrar toda nuestra programaci\u00f3n a nivel nacional\u201c, dijo De la Cruz.<\/p>\n<p class=\"x_MsoNormal\">El certamen cont\u00f3 con el auspicio del Ministerio de Deportes, El Comit\u00e9 Ol\u00edmpico Dominicano (COD), la Fedotri y la Asociaci\u00f3n de Triatl\u00f3n Ballenas Jorobadas, entre otros.<\/p>\n","protected":false},"excerpt":{"rendered":"<p>M\u00e1s de 100 competidores participaron en evento se realiz\u00f3 en playa Los Cacao.<\/p>\n","protected":false},"author":16,"featured_media":50294,"comment_status":"closed","ping_status":"closed","sticky":false,"template":"","format":"standard","meta":[],"categories":[2,60],"tags":[],"acf":[],"_links":{"self":[{"href":"https:\/\/colimdo.org\/wp-api\/wp\/v2\/posts\/50293"}],"collection":[{"href":"https:\/\/colimdo.org\/wp-api\/wp\/v2\/posts"}],"about":[{"href":"https:\/\/colimdo.org\/wp-api\/wp\/v2\/types\/post"}],"author":[{"embeddable":true,"href":"https:\/\/colimdo.org\/wp-api\/wp\/v2\/users\/16"}],"replies":[{"embeddable":true,"href":"https:\/\/colimdo.org\/wp-api\/wp\/v2\/comments?post=50293"}],"version-history":[{"count":1,"href":"https:\/\/colimdo.org\/wp-api\/wp\/v2\/posts\/50293\/revisions"}],"predecessor-version":[{"id":50295,"href":"https:\/\/colimdo.org\/wp-api\/wp\/v2\/posts\/50293\/revisions\/50295"}],"wp:featuredmedia":[{"embeddable":true,"href":"https:\/\/colimdo.org\/wp-api\/wp\/v2\/media\/50294"}],"wp:attachment":[{"href":"https:\/\/colimdo.org\/wp-api\/wp\/v2\/media?parent=50293"}],"wp:term":[{"taxonomy":"category","embeddable":true,"href":"https:\/\/colimdo.org\/wp-api\/wp\/v2\/categories?post=50293"},{"taxonomy":"post_tag","embeddable":true,"href":"https:\/\/colimdo.org\/wp-api\/wp\/v2\/tags?post=50293"}],"curies":[{"name":"wp","href":"https:\/\/api.w.org\/{rel}","templated":true}]}}