{"id":50296,"date":"2019-03-17T18:50:09","date_gmt":"2019-03-17T18:50:09","guid":{"rendered":"https:\/\/colimdo.org\/?p=50296"},"modified":"2019-03-17T18:57:23","modified_gmt":"2019-03-17T18:57:23","slug":"gala-de-presentacion-de-la-ldf-sera-este-martes","status":"publish","type":"post","link":"https:\/\/colimdo.org\/noticias\/gala-de-presentacion-de-la-ldf-sera-este-martes\/","title":{"rendered":"Gala de presentaci\u00f3n de la Liga Dominicana de F\u00fatbol ser\u00e1 este martes"},"content":{"rendered":"<p>SANTO DOMINGO.- La Gran Gala de presentaci\u00f3n de la temporada de la Liga Dominicana de F\u00fatbol (LDF) ser\u00e1 realizada este marte, 19 de marzo, un acto que ser\u00e1 realizado en Hard Rock de esta capital.<\/p>\n<p>La actividad ser\u00e1 encabezada por Manuel Luna, presidente de la Comisi\u00f3n de Normalizaci\u00f3n de la Federaci\u00f3n Dominicana de F\u00fatbol (Fedofutbol) y Dinardo \u2013Lalo- Rodr\u00edguez, director ejecutivo de la Liga Dominicana de F\u00fatbol (LDF).<\/p>\n<p>En la actividad estar\u00e1n presentes tambi\u00e9n directivos de los diferentes clubes que tomar\u00e1n parte en la justa, as\u00ed como dirigentes de la Fedofutbol.<\/p>\n<p>En esta Gran Gala de la LDF se ofrecer\u00e1n detalles del relanzamiento de la liga, que incluye la implementaci\u00f3n de un nuevo formato.<\/p>\n<p>Gran expectativa ha generado la quinta edici\u00f3n de la LDF que est\u00e1 pautada para iniciar el s\u00e1bado, 30 de marzo pr\u00f3ximo, con un acto oficial que tendr\u00e1 lugar en el Estadio Cibao FC, en la ciudad de Santiago.<\/p>\n<p>\u201cEstamos danto todos los pasos para garantizar una temporada exitosa de la LDF\u201d, refiri\u00f3 Lalo Rodr\u00edguez, quien dijo sentirse muy obtimista.<\/p>\n<p>En el encuentro se tiene previsto dar detalles sobre la transmisi\u00f3n que tendr\u00e1 la LDF para la temporada 2019, as\u00ed como innovaciones adicionales que tendr\u00e1 el p\u00fablico que sigue este evento.<\/p>\n<p>Se recuerda que la Fedofutbol y la multinacional OZ Sports suscribieron un acuerdo que permitir\u00e1 la transmisi\u00f3n de todos los partidos de la LDF, gracias a la instalaci\u00f3n de tecnolog\u00eda rob\u00f3tica en los diferentes estadios del pa\u00eds.<\/p>\n<p>Ese acuerdo fue firmado por Manuel Luna, presidente de la Comisi\u00f3n de Normalizaci\u00f3n de la Fedofutbol y el se\u00f1or Gudjon Gudjonsson, presidente de OZ Sports.<\/p>\n<p>La LDF ser\u00e1 la primera en la regi\u00f3n de la Concacaf \u00a0que contar\u00e1 con una plataforma tecnol\u00f3gica mediante la cual los seguidores podr\u00e1n ver los partidos desde cualquier dispositivo.<\/p>\n<p>Desde hace varios meses la LDF ha estado trabajando para la celebraci\u00f3n de la temporada 2019, conjuntamente con los clubes que tomar\u00e1n parte en el evento.<\/p>\n","protected":false},"excerpt":{"rendered":"<p>La actividad ser\u00e1 encabezada por Manuel Luna, presidente de la Comisi\u00f3n de Normalizaci\u00f3n de la Federaci\u00f3n Dominicana de F\u00fatbol (Fedofutbol) y Dinardo \u2013Lalo- Rodr\u00edguez, director ejecutivo de la Liga Dominicana de F\u00fatbol (LDF).<\/p>\n","protected":false},"author":16,"featured_media":50298,"comment_status":"closed","ping_status":"closed","sticky":false,"template":"","format":"standard","meta":[],"categories":[2,60],"tags":[],"acf":[],"_links":{"self":[{"href":"https:\/\/colimdo.org\/wp-api\/wp\/v2\/posts\/50296"}],"collection":[{"href":"https:\/\/colimdo.org\/wp-api\/wp\/v2\/posts"}],"about":[{"href":"https:\/\/colimdo.org\/wp-api\/wp\/v2\/types\/post"}],"author":[{"embeddable":true,"href":"https:\/\/colimdo.org\/wp-api\/wp\/v2\/users\/16"}],"replies":[{"embeddable":true,"href":"https:\/\/colimdo.org\/wp-api\/wp\/v2\/comments?post=50296"}],"version-history":[{"count":2,"href":"https:\/\/colimdo.org\/wp-api\/wp\/v2\/posts\/50296\/revisions"}],"predecessor-version":[{"id":50299,"href":"https:\/\/colimdo.org\/wp-api\/wp\/v2\/posts\/50296\/revisions\/50299"}],"wp:featuredmedia":[{"embeddable":true,"href":"https:\/\/colimdo.org\/wp-api\/wp\/v2\/media\/50298"}],"wp:attachment":[{"href":"https:\/\/colimdo.org\/wp-api\/wp\/v2\/media?parent=50296"}],"wp:term":[{"taxonomy":"category","embeddable":true,"href":"https:\/\/colimdo.org\/wp-api\/wp\/v2\/categories?post=50296"},{"taxonomy":"post_tag","embeddable":true,"href":"https:\/\/colimdo.org\/wp-api\/wp\/v2\/tags?post=50296"}],"curies":[{"name":"wp","href":"https:\/\/api.w.org\/{rel}","templated":true}]}}