{"id":50302,"date":"2019-03-17T20:56:43","date_gmt":"2019-03-17T20:56:43","guid":{"rendered":"https:\/\/colimdo.org\/?p=50302"},"modified":"2019-03-17T20:56:43","modified_gmt":"2019-03-17T20:56:43","slug":"michael-jordan-y-familia-llegan-en-su-jet-privado-a-samana","status":"publish","type":"post","link":"https:\/\/colimdo.org\/noticias\/michael-jordan-y-familia-llegan-en-su-jet-privado-a-samana\/","title":{"rendered":"Michael Jordan y familia llegan en su jet privado a Saman\u00e1"},"content":{"rendered":"<p>SANTO DOMINGO (EL NUEVO DIARIO).- El exjugador de baloncesto y propietario del equipo de la NBA Charlotte Hornets, Michael Jordan, arrib\u00f3 este domingo a la Rep\u00fablica Dominicana a trav\u00e9s del aeropuerto internacional de Saman\u00e1, donde se prev\u00e9 que pasar\u00e1 unos d\u00edas de vacaciones as\u00ed como el desarrollo de varias actividades concerniente al baloncesto.<\/p>\n<p>El miembro del Sal\u00f3n de la Fama de la NBA, vestido con gorra oscura, t-shirt verde y bermuda color azul claro, \u00a0lleg\u00f3 al pa\u00eds acompa\u00f1ado de su familia y al desmontarse de la aeronave se le vio cargando a la que parece ser su hija m\u00e1s peque\u00f1a.<\/p>\n<p>Jordan inform\u00f3 durante la celebraci\u00f3n del reciente Juego de las Estrellas, en Charlotte, que amaba al pa\u00eds y al mismo tiempo indic\u00f3 que pronto realizar\u00eda un viaje de regreso.<\/p>\n<p>\u201cYo amo a la Rep\u00fablica Dominicana, creo que pronto estar\u00e9 por all\u00e1 nueva vez\u201d, dijo Jordan, al ser entrevistado por la periodista dominicana Laura Bonelly, quien cubri\u00f3 la actividad deportiva que realiza la NBA cada a\u00f1o.<\/p>\n","protected":false},"excerpt":{"rendered":"<p>Jordan inform\u00f3 durante la celebraci\u00f3n del reciente Juego de las Estrellas, en Charlotte, que amaba al pa\u00eds y al mismo tiempo indic\u00f3 que pronto realizar\u00eda un viaje de regreso.<\/p>\n","protected":false},"author":16,"featured_media":50303,"comment_status":"closed","ping_status":"closed","sticky":false,"template":"","format":"standard","meta":[],"categories":[2,60],"tags":[],"acf":[],"_links":{"self":[{"href":"https:\/\/colimdo.org\/wp-api\/wp\/v2\/posts\/50302"}],"collection":[{"href":"https:\/\/colimdo.org\/wp-api\/wp\/v2\/posts"}],"about":[{"href":"https:\/\/colimdo.org\/wp-api\/wp\/v2\/types\/post"}],"author":[{"embeddable":true,"href":"https:\/\/colimdo.org\/wp-api\/wp\/v2\/users\/16"}],"replies":[{"embeddable":true,"href":"https:\/\/colimdo.org\/wp-api\/wp\/v2\/comments?post=50302"}],"version-history":[{"count":1,"href":"https:\/\/colimdo.org\/wp-api\/wp\/v2\/posts\/50302\/revisions"}],"predecessor-version":[{"id":50304,"href":"https:\/\/colimdo.org\/wp-api\/wp\/v2\/posts\/50302\/revisions\/50304"}],"wp:featuredmedia":[{"embeddable":true,"href":"https:\/\/colimdo.org\/wp-api\/wp\/v2\/media\/50303"}],"wp:attachment":[{"href":"https:\/\/colimdo.org\/wp-api\/wp\/v2\/media?parent=50302"}],"wp:term":[{"taxonomy":"category","embeddable":true,"href":"https:\/\/colimdo.org\/wp-api\/wp\/v2\/categories?post=50302"},{"taxonomy":"post_tag","embeddable":true,"href":"https:\/\/colimdo.org\/wp-api\/wp\/v2\/tags?post=50302"}],"curies":[{"name":"wp","href":"https:\/\/api.w.org\/{rel}","templated":true}]}}