{"id":50305,"date":"2019-03-17T21:05:44","date_gmt":"2019-03-17T21:05:44","guid":{"rendered":"https:\/\/colimdo.org\/?p=50305"},"modified":"2019-03-17T21:05:44","modified_gmt":"2019-03-17T21:05:44","slug":"rd-cae-ante-guatemala-que-se-corona-campeon-de-la-wjt","status":"publish","type":"post","link":"https:\/\/colimdo.org\/noticias\/rd-cae-ante-guatemala-que-se-corona-campeon-de-la-wjt\/","title":{"rendered":"RD cae ante Guatemala, que se corona campe\u00f3n de la WJT"},"content":{"rendered":"<p dir=\"ltr\">SANTO DOMINGO.- Rep\u00fablica Dominicana se qued\u00f3 corta en la final del evento masculino de preclasificaci\u00f3n de Norte, Centroam\u00e9rica y el Caribe de la World Junior Tennis (WJT) al caer 2-1 ante Guatemala.<\/p>\n<p dir=\"ltr\">Los criollos sucumbieron en el primer partido que se llev\u00f3 a cabo en la cancha central del Parque del Este entre Rafael Botr\u00e1n y Daniel Baquero con victoria favorable para el primero por 6-4, 1-6, 6-1.<\/p>\n<p dir=\"ltr\">En el segundo encuentro, Enmanuel Mu\u00f1oz trat\u00f3 de igualar las acciones para los locales, pero el n\u00famero uno de Centroam\u00e9rica y el Caribe, Marcos Castellanos, quien lo venci\u00f3 6-1, 6-3. Para completar calendario, los quisqueyanos Mu\u00f1oz y David Guerrero derrotaron en el dobles a Botr\u00e1n y Gabriel Porras 6-3, 6-2.<\/p>\n<p dir=\"ltr\">Con el triunfo, Guatemala gan\u00f3 la plaza a la final regional contra M\u00e9xico, Canad\u00e1 y Estados Unidos, que se jugar\u00e1 del 25 al 27 de abril en Montreal, donde se determinar\u00e1n los dos equipos del \u00e1rea que pasar\u00e1n a la final mundial de la WJT.<\/p>\n<p dir=\"ltr\">En el evento se dieron cita 48 jugadores de Aruba, Bermudas, Trinidad y Tobago, El Salvador, Bahamas, Costa Rica, Rep\u00fablica Dominicana, Jamaica, Guyana, Barbados, Guatemala, Honduras, Surinam, Hait\u00ed, Curazao y Puerto Rico.<\/p>\n<p dir=\"ltr\">El torneo, que cont\u00f3 con la direcci\u00f3n general del vicepresidente de la Federaci\u00f3n Dominicana de Tenis (Fedotenis), Sergio Tobal, estuvo bajo la supervisi\u00f3n t\u00e9cnica a Mickey Williams, de Bahamas, por parte de la Federaci\u00f3n Internacional de Tenis (ITF), quien fue asistido por Abel \u00c1lvarez, de Cuba.<\/p>\n<p dir=\"ltr\">Asimismo, por parte de la Confederaci\u00f3n de Tenis de Centroam\u00e9rica y el Caribe (Cotecc) el evento fue supervisado por el Oficial de Desarrollo ITF, John Goede, de Surinam, mientras que la direcci\u00f3n de los \u00e1rbitros nacionales estuvo a cargo de Francisco De los Santos.<\/p>\n<p dir=\"ltr\">Inician las chicas<\/p>\n<p dir=\"ltr\">Desde este lunes 18 de marzo, la WJT se jugar\u00e1 en la rama femenina con la participaci\u00f3n de 13 pa\u00edses que tratar\u00e1n tambi\u00e9n de buscar el pase a la final regional de abril.<\/p>\n<p dir=\"ltr\">En el torneo compiten Guatemala, Bermuda, Honduras, Costa Rica, Jamaica, Surinam, Rep\u00fablica Dominicana, Hait\u00ed, Bahamas, Trinidad y Tobago, Curazao, Puerto Rico y El Salvador.<\/p>\n<p dir=\"ltr\">La selecci\u00f3n criolla estar\u00e1 compuesta por Roc\u00edo Espinal, Rosario Elm\u00fadesi y Abby Candelier, quienes ser\u00e1n capitaneadas por Fernando D\u00edaz.<\/p>\n","protected":false},"excerpt":{"rendered":"<p>Rep\u00fablica Dominicana se qued\u00f3 corta en la final del evento masculino de preclasificaci\u00f3n de Norte, Centroam\u00e9rica y el Caribe de la World Junior Tennis (WJT) al caer 2-1 ante Guatemala.<\/p>\n","protected":false},"author":16,"featured_media":50306,"comment_status":"closed","ping_status":"closed","sticky":false,"template":"","format":"standard","meta":[],"categories":[2,60],"tags":[],"acf":[],"_links":{"self":[{"href":"https:\/\/colimdo.org\/wp-api\/wp\/v2\/posts\/50305"}],"collection":[{"href":"https:\/\/colimdo.org\/wp-api\/wp\/v2\/posts"}],"about":[{"href":"https:\/\/colimdo.org\/wp-api\/wp\/v2\/types\/post"}],"author":[{"embeddable":true,"href":"https:\/\/colimdo.org\/wp-api\/wp\/v2\/users\/16"}],"replies":[{"embeddable":true,"href":"https:\/\/colimdo.org\/wp-api\/wp\/v2\/comments?post=50305"}],"version-history":[{"count":1,"href":"https:\/\/colimdo.org\/wp-api\/wp\/v2\/posts\/50305\/revisions"}],"predecessor-version":[{"id":50307,"href":"https:\/\/colimdo.org\/wp-api\/wp\/v2\/posts\/50305\/revisions\/50307"}],"wp:featuredmedia":[{"embeddable":true,"href":"https:\/\/colimdo.org\/wp-api\/wp\/v2\/media\/50306"}],"wp:attachment":[{"href":"https:\/\/colimdo.org\/wp-api\/wp\/v2\/media?parent=50305"}],"wp:term":[{"taxonomy":"category","embeddable":true,"href":"https:\/\/colimdo.org\/wp-api\/wp\/v2\/categories?post=50305"},{"taxonomy":"post_tag","embeddable":true,"href":"https:\/\/colimdo.org\/wp-api\/wp\/v2\/tags?post=50305"}],"curies":[{"name":"wp","href":"https:\/\/api.w.org\/{rel}","templated":true}]}}