{"id":50323,"date":"2019-03-17T23:03:22","date_gmt":"2019-03-17T23:03:22","guid":{"rendered":"https:\/\/colimdo.org\/?p=50323"},"modified":"2019-03-17T23:03:22","modified_gmt":"2019-03-17T23:03:22","slug":"rd-gana-primer-oro-con-anthony-hidalgo-en-olimpiadas-especiales","status":"publish","type":"post","link":"https:\/\/colimdo.org\/noticias\/rd-gana-primer-oro-con-anthony-hidalgo-en-olimpiadas-especiales\/","title":{"rendered":"RD gana primer oro con Anthony Hidalgo en Olimpiadas Especiales"},"content":{"rendered":"<p>ABU DABI.\u00a0La delegaci\u00f3n dominicana tuvo una regia jornada del domingo en los Juegos Mundiales de Olimpiadas Especiales 2019, que se llevan a cabo en este emirato del Golfo P\u00e9rsico, al conquistar una medalla de oro y dos de plata, para sumar cinco en lo que va de competencias.<\/p>\n<p>Anthony Hidalgo se convirti\u00f3 en el primer dominicano que hace sonar el Himno Nacional en este certamen, al conquistar la medalla de oro en la especialidad de boliche, como parte de la comitiva que integran 21 atletas de varias disciplinas.<\/p>\n<p>Al grito de j\u00fabilo se sum\u00f3 G\u00e9nesis Graciano, tambi\u00e9n de boliche, que conquist\u00f3 presea de plata para alegr\u00eda de la delegaci\u00f3n que tiene como cabeza entre los acompa\u00f1antes a la primera dama de la Rep\u00fablica, C\u00e1ndida Montilla de Medina, y al ministro de Deportes y Recreaci\u00f3n, Danilo D\u00edaz Vizca\u00edno.<\/p>\n<p>El segundo trofeo plateado de este domingo (horario de Santo Domingo), lo dio el atletismo, modalidad 200 metros planos, en las piernas de \u00c1ngel Rodr\u00edguez, por arribar en segundo lugar en la final. A poco estuvo de un metal Elvis Cruz, quien en la misma competici\u00f3n arrib\u00f3 en cuarto lugar.<\/p>\n<p>En la jornada previa, la del s\u00e1bado dominicano, Armando Garrido hab\u00eda dado la primera medalla de plata al pa\u00eds en la disciplina de tenis.<\/p>\n<p>Alejandro Batlle fue el primero en colgarse un metal este 2019, al reeditar el bronce que logr\u00f3 cuatro a\u00f1os antes (2015 en Los \u00c1ngeles, Estados Unidos) en triatl\u00f3n, divisi\u00f3n de tiempo 2, una prueba realizada antes de la ceremonia inaugural, que tuvo lugar el pasado jueves.<\/p>\n<p>Adem\u00e1s de boliche, atletismo, tenis y triatl\u00f3n, los atletas con condiciones cognitivas especiales competir\u00e1n en nataci\u00f3n, que incluye aguas abiertas, gimnasia r\u00edtmica y voleibol de playa.<\/p>\n<p>Los Juegos Mundiales de Olimpiadas Especiales de Abu Dhabi fueron inaugurados el pasado jueves 14 y se extender\u00e1n hasta el jueves 21 con participaci\u00f3n de unos 7,700 atletas de 192 naciones.<\/p>\n","protected":false},"excerpt":{"rendered":"<p>Anthony Hidalgo se convirti\u00f3 en el primer dominicano que hace sonar el Himno Nacional en este certamen, al conquistar la medalla de oro en la especialidad de boliche, como parte de la comitiva que integran 21 atletas de varias disciplinas.<\/p>\n","protected":false},"author":16,"featured_media":50324,"comment_status":"closed","ping_status":"closed","sticky":false,"template":"","format":"standard","meta":[],"categories":[2,60],"tags":[],"acf":[],"_links":{"self":[{"href":"https:\/\/colimdo.org\/wp-api\/wp\/v2\/posts\/50323"}],"collection":[{"href":"https:\/\/colimdo.org\/wp-api\/wp\/v2\/posts"}],"about":[{"href":"https:\/\/colimdo.org\/wp-api\/wp\/v2\/types\/post"}],"author":[{"embeddable":true,"href":"https:\/\/colimdo.org\/wp-api\/wp\/v2\/users\/16"}],"replies":[{"embeddable":true,"href":"https:\/\/colimdo.org\/wp-api\/wp\/v2\/comments?post=50323"}],"version-history":[{"count":1,"href":"https:\/\/colimdo.org\/wp-api\/wp\/v2\/posts\/50323\/revisions"}],"predecessor-version":[{"id":50325,"href":"https:\/\/colimdo.org\/wp-api\/wp\/v2\/posts\/50323\/revisions\/50325"}],"wp:featuredmedia":[{"embeddable":true,"href":"https:\/\/colimdo.org\/wp-api\/wp\/v2\/media\/50324"}],"wp:attachment":[{"href":"https:\/\/colimdo.org\/wp-api\/wp\/v2\/media?parent=50323"}],"wp:term":[{"taxonomy":"category","embeddable":true,"href":"https:\/\/colimdo.org\/wp-api\/wp\/v2\/categories?post=50323"},{"taxonomy":"post_tag","embeddable":true,"href":"https:\/\/colimdo.org\/wp-api\/wp\/v2\/tags?post=50323"}],"curies":[{"name":"wp","href":"https:\/\/api.w.org\/{rel}","templated":true}]}}