{"id":50326,"date":"2019-03-17T23:07:57","date_gmt":"2019-03-17T23:07:57","guid":{"rendered":"https:\/\/colimdo.org\/?p=50326"},"modified":"2019-03-17T23:11:59","modified_gmt":"2019-03-17T23:11:59","slug":"rafael-uribe-afirma-que-en-el-mundial-de-baloncesto-no-hay-enemigos-pequenos","status":"publish","type":"post","link":"https:\/\/colimdo.org\/noticias\/rafael-uribe-afirma-que-en-el-mundial-de-baloncesto-no-hay-enemigos-pequenos\/","title":{"rendered":"Rafael Uribe afirma que en el Mundial de Baloncesto no hay enemigos peque\u00f1os"},"content":{"rendered":"<p>SHENZHEN, China.-\u00a0Luego del sorteo celebrado este s\u00e1bado en el que la Rep\u00fablica Dominicana conoci\u00f3 a sus rivales de la ronda preliminar de la Copa del Mundo FIBA China 2019, Rafael Uribe declar\u00f3 que \u201caqu\u00ed no hay enemigos peque\u00f1os\u201d.<\/p>\n<p>El sorteo coloc\u00f3 a los quisqueyanos en el grupo G junto con Francia, Alemania y Jordania. De cada grupo del Mundial, avanzar\u00e1n los dos mejores a la siguiente ronda.<\/p>\n<p>\u201cEn Francia tenemos al n\u00famero tres del mundo, Alemania tiene mucho nivel y Jordania tiene lo suyo, pero entiendo que Dominicana tiene todo el chance de volver a avanzar a una segunda ronda\u201d, dijo el presidente de la Federaci\u00f3n Dominicana de Baloncesto (FEDOMBAL).<\/p>\n<p>En la edici\u00f3n 2014 celebrada en Espa\u00f1a, los caribe\u00f1os pudieron cruzar m\u00e1s all\u00e1 de la fase de grupos y finalizaron en el puesto n\u00famero 13.<\/p>\n<p>\u201cPodemos optar por estar entre los mejores clasificados del continente americano. Nosotros vamos a echar el pleito con la selecci\u00f3n de nuestro pa\u00eds\u201d, coment\u00f3.<\/p>\n<p>Uribe tambi\u00e9n indic\u00f3 que varios pa\u00edses han mostrado inter\u00e9s en jugar partidos de exhibici\u00f3n con la Rep\u00fablica Dominicana, previo a la cita mundialista que se celebrar\u00e1 del 31 de agosto al 15 de septiembre y en la que participar\u00e1n 32 naciones.<\/p>\n<p>Calendario de Dominicana<\/p>\n<p>El conjunto tricolor debutar\u00e1 el domingo primero de septiembre contra Jordania, para luego enfrentar el martes 3 a Alemania y el jueves 5 a Francia, en partidos cuyos horarios se dar\u00e1n a conocer m\u00e1s adelante.<\/p>\n<p>La sede de los encuentros ser\u00e1 el Shenzhen Bay Sports Center, instalaci\u00f3n con capacidad para recibir a 13 mil espectadores.<\/p>\n<p>De avanzar a la segunda ronda, Rep\u00fablica Dominicana se medir\u00eda a los dos que resulten con mejor desempe\u00f1o en el grupo H, compuesto por Canad\u00e1, Senegal, Lituania y Australia.<\/p>\n","protected":false},"excerpt":{"rendered":"<p>El sorteo coloc\u00f3 a los quisqueyanos en el grupo G junto con Francia, Alemania y Jordania. De cada grupo del Mundial, avanzar\u00e1n los dos mejores a la siguiente ronda.<\/p>\n","protected":false},"author":16,"featured_media":50329,"comment_status":"closed","ping_status":"closed","sticky":false,"template":"","format":"standard","meta":[],"categories":[2,60],"tags":[],"acf":[],"_links":{"self":[{"href":"https:\/\/colimdo.org\/wp-api\/wp\/v2\/posts\/50326"}],"collection":[{"href":"https:\/\/colimdo.org\/wp-api\/wp\/v2\/posts"}],"about":[{"href":"https:\/\/colimdo.org\/wp-api\/wp\/v2\/types\/post"}],"author":[{"embeddable":true,"href":"https:\/\/colimdo.org\/wp-api\/wp\/v2\/users\/16"}],"replies":[{"embeddable":true,"href":"https:\/\/colimdo.org\/wp-api\/wp\/v2\/comments?post=50326"}],"version-history":[{"count":1,"href":"https:\/\/colimdo.org\/wp-api\/wp\/v2\/posts\/50326\/revisions"}],"predecessor-version":[{"id":50328,"href":"https:\/\/colimdo.org\/wp-api\/wp\/v2\/posts\/50326\/revisions\/50328"}],"wp:featuredmedia":[{"embeddable":true,"href":"https:\/\/colimdo.org\/wp-api\/wp\/v2\/media\/50329"}],"wp:attachment":[{"href":"https:\/\/colimdo.org\/wp-api\/wp\/v2\/media?parent=50326"}],"wp:term":[{"taxonomy":"category","embeddable":true,"href":"https:\/\/colimdo.org\/wp-api\/wp\/v2\/categories?post=50326"},{"taxonomy":"post_tag","embeddable":true,"href":"https:\/\/colimdo.org\/wp-api\/wp\/v2\/tags?post=50326"}],"curies":[{"name":"wp","href":"https:\/\/api.w.org\/{rel}","templated":true}]}}