{"id":50358,"date":"2019-03-18T21:02:57","date_gmt":"2019-03-18T21:02:57","guid":{"rendered":"https:\/\/colimdo.org\/?p=50358"},"modified":"2019-03-18T21:02:57","modified_gmt":"2019-03-18T21:02:57","slug":"federer-tras-su-derrota-en-indian-wells-no-hay-motivos-para-estar-triste","status":"publish","type":"post","link":"https:\/\/colimdo.org\/noticias\/federer-tras-su-derrota-en-indian-wells-no-hay-motivos-para-estar-triste\/","title":{"rendered":"Federer tras su derrota en Indian Wells: &#8220;No hay motivos para estar triste&#8221;"},"content":{"rendered":"<p>ESPN. No pudo, pero igual no lo tom\u00f3 mal. Roger Federer llegaba en gran forma a la final del Masters 1000 de Indian Wells, pero cay\u00f3 con lo justo ante Dominic Thiem, quien as\u00ed logr\u00f3 su t\u00edtulo m\u00e1s importante, el primero de ese nivel.<\/p>\n<p>El austr\u00edaco frustr\u00f3 el t\u00edtulo N\u00b0101 de Federer, que ven\u00eda dulce tras la conquista centenaria en Dubai. Sin embargo, el suizo, de 37 a\u00f1os, no ocult\u00f3 que tuvo buenas posibilidades durante el dur\u00edsimo choque pero igual valora que viene de conseguir otro t\u00edtulo muy valioso para su carrera.<\/p>\n<p>Esta temporada, Federer acumula 12 victorias en 14 encuentros y destaca que, en Dubia, alcanz\u00f3 los 100 t\u00edtulos en singles y se puso a nueve del r\u00e9cord hist\u00f3rico, en poder del estadounidense Jimmy Connors.<\/p>\n<p>\u201cMe alegro que Dominic haya ganado su primer Masters 1000. Es un gran torneo\u201d, reconoci\u00f3 Federer. \u201cLlegu\u00e9 a los 100 t\u00edtulos en Dubai y tuve una gran semana en Indian Wells. No hay motivos para estar triste. Y tengo muchas ganas de ir a jugar a Miami\u201d.<\/p>\n<p>\u201cCreo que estoy jugando un gran tenis. En Australia me sent\u00ed algo decepcionado porque notaba que mi juego y mi cuerpo estaban preparados. Cuando te sientes de esa manera uno se lo toma de forma m\u00e1s positiva\u201d, asegur\u00f3 quien fue sorprendido en los octavos de final de ese Grand Slam, a manos del griego Stefanos Tsitsipas.<\/p>\n<p>\u201cNo s\u00e9 c\u00f3mo explicarlo, pero no es tan dram\u00e1tico. Por otro lado, cuando est\u00e1s lesionado y las cosas se complican\u2026 entonces duele m\u00e1s. Es dif\u00edcil decir qu\u00e9 sali\u00f3 mal ante Thiem. La devoluci\u00f3n que conect\u00f3 en 5-5 en el tercer set fue lo que yo necesitaba y no fui capaz de hacer. \u00bfPor qu\u00e9 ocurre? Uno puede comenzar a pensar pero tambi\u00e9n que ver que \u00e9l fue mejor en los momentos claves. Siento que no jugu\u00e9 mal. Tuve mis opciones y estuve peleando los puntos\u201d, remarc\u00f3 el helv\u00e9tico, ya pensando en la siguiente escala.<\/p>\n","protected":false},"excerpt":{"rendered":"<p>Roger Federer llegaba en gran forma a la final del Masters 1000 de Indian Wells, pero cay\u00f3 con lo justo ante Dominic Thiem, quien as\u00ed logr\u00f3 su t\u00edtulo m\u00e1s importante, el primero de ese nivel.<\/p>\n","protected":false},"author":16,"featured_media":50359,"comment_status":"closed","ping_status":"closed","sticky":false,"template":"","format":"standard","meta":[],"categories":[2,60],"tags":[],"acf":[],"_links":{"self":[{"href":"https:\/\/colimdo.org\/wp-api\/wp\/v2\/posts\/50358"}],"collection":[{"href":"https:\/\/colimdo.org\/wp-api\/wp\/v2\/posts"}],"about":[{"href":"https:\/\/colimdo.org\/wp-api\/wp\/v2\/types\/post"}],"author":[{"embeddable":true,"href":"https:\/\/colimdo.org\/wp-api\/wp\/v2\/users\/16"}],"replies":[{"embeddable":true,"href":"https:\/\/colimdo.org\/wp-api\/wp\/v2\/comments?post=50358"}],"version-history":[{"count":1,"href":"https:\/\/colimdo.org\/wp-api\/wp\/v2\/posts\/50358\/revisions"}],"predecessor-version":[{"id":50360,"href":"https:\/\/colimdo.org\/wp-api\/wp\/v2\/posts\/50358\/revisions\/50360"}],"wp:featuredmedia":[{"embeddable":true,"href":"https:\/\/colimdo.org\/wp-api\/wp\/v2\/media\/50359"}],"wp:attachment":[{"href":"https:\/\/colimdo.org\/wp-api\/wp\/v2\/media?parent=50358"}],"wp:term":[{"taxonomy":"category","embeddable":true,"href":"https:\/\/colimdo.org\/wp-api\/wp\/v2\/categories?post=50358"},{"taxonomy":"post_tag","embeddable":true,"href":"https:\/\/colimdo.org\/wp-api\/wp\/v2\/tags?post=50358"}],"curies":[{"name":"wp","href":"https:\/\/api.w.org\/{rel}","templated":true}]}}