{"id":50370,"date":"2019-03-18T21:34:51","date_gmt":"2019-03-18T21:34:51","guid":{"rendered":"https:\/\/colimdo.org\/?p=50370"},"modified":"2019-03-18T21:34:51","modified_gmt":"2019-03-18T21:34:51","slug":"de-ser-elegido-al-salon-de-la-fama-roger-clemens-ira-con-la-gorra-de-los-medias-rojas","status":"publish","type":"post","link":"https:\/\/colimdo.org\/noticias\/de-ser-elegido-al-salon-de-la-fama-roger-clemens-ira-con-la-gorra-de-los-medias-rojas\/","title":{"rendered":"De ser elegido al Sal\u00f3n de la Fama, Roger Clemens ir\u00e1 con la gorra de los Medias Rojas"},"content":{"rendered":"<p>ALBAT. No cabe duda de que Roger Clemens es uno de los mejores lanzadores de todas las \u00e9pocas en las Grandes Ligas; sin embargo, sus problemas con la justicia y su supuesto uso de sustancias prohibidas a lo largo de su carrera han bloqueado su entrada al Sal\u00f3n de la Fama de Cooperstown.<\/p>\n<p>A \u00e9stas alturas de su vida, al &#8220;Cohete&#8221; ya no le interesa ni le quita el sue\u00f1o entrar o no al Sal\u00f3n de la Fama, seg\u00fan dijo en una charla en la ciudad de Bangor, Maine; sin embargo, en caso de que llegue a entrar, Clemens ya sabe de que equipo ser\u00e1 su placa, y es nada m\u00e1s y nada menos que la de los Medias Rojas de Boston, seg\u00fan Larry Mahoney del Bangor Daily News.<\/p>\n<p>Clemens menciona que escoge a los Red Sox sobre los Yankees de Nueva debido a que Boston fue el equipo que lo drafte\u00f3 y le abri\u00f3 las puertas en Grandes Ligas, adem\u00e1s de que pas\u00f3 ah\u00ed 13 a\u00f1os de su carrera y gan\u00f3 tres Cy Youngs y un MVP. Sin embargo, con los Yankees, Roger Clemens gan\u00f3 dos Series Mundiales y otro Cy Young, adem\u00e1s de que pas\u00f3 6 temporadas de sus 24 en la MLB.\u200b\u200b\u200b\u200b\u200b\u200b\u200b<\/p>\n<p>Quiz\u00e1 para los fan\u00e1ticos m\u00e1s j\u00f3venes, es m\u00e1s usual recordar a Clemens vistiendo la franela raya de los Yankees de Nueva York, pero no cabe duda que en el Fenway pas\u00f3 los mejores momentos de su carrera.<\/p>\n","protected":false},"excerpt":{"rendered":"<p>A \u00e9stas alturas de su vida, al &#8220;Cohete&#8221; ya no le interesa ni le quita el sue\u00f1o entrar o no al Sal\u00f3n de la Fama, seg\u00fan dijo en una charla en la ciudad de Bangor, Maine; sin embargo, en caso de que llegue a entrar, Clemens ya sabe de que equipo ser\u00e1 su placa, y es nada m\u00e1s y nada menos que la de los Medias Rojas de Boston, seg\u00fan Larry Mahoney del Bangor Daily News.<\/p>\n","protected":false},"author":16,"featured_media":50371,"comment_status":"closed","ping_status":"closed","sticky":false,"template":"","format":"standard","meta":[],"categories":[2,60],"tags":[],"acf":[],"_links":{"self":[{"href":"https:\/\/colimdo.org\/wp-api\/wp\/v2\/posts\/50370"}],"collection":[{"href":"https:\/\/colimdo.org\/wp-api\/wp\/v2\/posts"}],"about":[{"href":"https:\/\/colimdo.org\/wp-api\/wp\/v2\/types\/post"}],"author":[{"embeddable":true,"href":"https:\/\/colimdo.org\/wp-api\/wp\/v2\/users\/16"}],"replies":[{"embeddable":true,"href":"https:\/\/colimdo.org\/wp-api\/wp\/v2\/comments?post=50370"}],"version-history":[{"count":1,"href":"https:\/\/colimdo.org\/wp-api\/wp\/v2\/posts\/50370\/revisions"}],"predecessor-version":[{"id":50372,"href":"https:\/\/colimdo.org\/wp-api\/wp\/v2\/posts\/50370\/revisions\/50372"}],"wp:featuredmedia":[{"embeddable":true,"href":"https:\/\/colimdo.org\/wp-api\/wp\/v2\/media\/50371"}],"wp:attachment":[{"href":"https:\/\/colimdo.org\/wp-api\/wp\/v2\/media?parent=50370"}],"wp:term":[{"taxonomy":"category","embeddable":true,"href":"https:\/\/colimdo.org\/wp-api\/wp\/v2\/categories?post=50370"},{"taxonomy":"post_tag","embeddable":true,"href":"https:\/\/colimdo.org\/wp-api\/wp\/v2\/tags?post=50370"}],"curies":[{"name":"wp","href":"https:\/\/api.w.org\/{rel}","templated":true}]}}