{"id":50378,"date":"2019-03-18T23:27:55","date_gmt":"2019-03-18T23:27:55","guid":{"rendered":"https:\/\/colimdo.org\/?p=50378"},"modified":"2019-03-18T23:27:55","modified_gmt":"2019-03-18T23:27:55","slug":"harden-ansioso-por-volver-con-eeuu-a-la-copa-del-mundo-en-china","status":"publish","type":"post","link":"https:\/\/colimdo.org\/noticias\/harden-ansioso-por-volver-con-eeuu-a-la-copa-del-mundo-en-china\/","title":{"rendered":"Harden, ansioso por volver con EEUU a la Copa del Mundo en China"},"content":{"rendered":"<p>HOUSTON (United States) &#8211; La superestrella norteamericana James Harden ha dicho que s\u00ed a su participaci\u00f3n en la Copa del Mundo FIBA en China.<\/p>\n<p>Menos de 24 horas despu\u00e9s del sorteo del s\u00e1bado, que encuadr\u00f3 a Estados Unidos en el grupo E con Turqu\u00eda, Rep\u00fablica Checa y Jap\u00f3n, Harden asegur\u00f3 que se va a volver a reunir con el equipo nacional.<\/p>\n<p>Harden, 29, fue uno de los mejores jugadores de la competici\u00f3n hace cinco a\u00f1os cuando los americanos ganaron el campeonato celebrado en Espa\u00f1a, pero no estuvo con el equipo en el t\u00edtulo ol\u00edmpico que ganaron en R\u00edo 2016.<\/p>\n<p>&#8220;Por supuesto que quiero jugar&#8221;, dijo Harden a Houston Chronicle. &#8220;Es una oportunidad de representar a tu pa\u00eds, ir all\u00ed y jugar al baloncesto&#8221;.<\/p>\n<p>&#8220;Es algo que he venido haciendo y que me encanta hacer. Si tengo la oportunidad de ser elegido all\u00ed estar\u00e9. No todo el mundo tiene una oportunidad como esta. Como jugador de baloncesto es una de la competiciones m\u00e1s importantes que puedes jugar&#8221;, dijo.<\/p>\n<p>&#8220;Obviamente, tienes la NBA y has ganado un campeonato y todas esas cosas buenas para jugar en tus respectivas ciudades. De d\u00f3nde eres, est\u00e1s jugando para un pa\u00eds entero, el pa\u00eds que representas. Es bastante incre\u00edble ser parte de ello.&#8221;<\/p>\n<p>Harden, quien ayud\u00f3 a Estados Unidos a ganar la medalla de oro en los Juegos Ol\u00edmpicos de Londres en 2012, fue fundamental para los americanos en la \u00faltima Copa del Mundo con su anotaci\u00f3n y su pase.<\/p>\n<p>Apodado como &#8216;La Barba&#8217;, tir\u00f3 con un 52.6% de acierto (41 de 78) en tiros de campo, incluyendo un 41.4 (12 de 29) en triples y promedi\u00f3 14.2 puntos por partido con el equipo ganando su segundo t\u00edtulo consecutivo.<\/p>\n<p>Harden est\u00e1 promediando ahora mismo 36.1 puntos, 7.6 asistencias y 6.5 rebotes en su temporada con los Houston Rockets, quienes est\u00e1n terceros en la Conferencia Oeste de la NBA con un balance de 44-26.<\/p>\n<p>Los americanos jugar\u00e1n sus primeros partidos de Primera Ronda en Shanghai a partir del 31 de agosto.<\/p>\n<p>FIBA<\/p>\n","protected":false},"excerpt":{"rendered":"<p>HOUSTON (United States) &#8211; La superestrella norteamericana James Harden ha dicho que s\u00ed a su participaci\u00f3n en la Copa del Mundo FIBA en China. Menos de 24 horas despu\u00e9s del sorteo del s\u00e1bado, que encuadr\u00f3 a Estados Unidos en el grupo E con Turqu\u00eda, Rep\u00fablica Checa y Jap\u00f3n, Harden asegur\u00f3 que se va a volver [&hellip;]<\/p>\n","protected":false},"author":9,"featured_media":50379,"comment_status":"closed","ping_status":"closed","sticky":false,"template":"","format":"standard","meta":[],"categories":[2,60],"tags":[],"acf":[],"_links":{"self":[{"href":"https:\/\/colimdo.org\/wp-api\/wp\/v2\/posts\/50378"}],"collection":[{"href":"https:\/\/colimdo.org\/wp-api\/wp\/v2\/posts"}],"about":[{"href":"https:\/\/colimdo.org\/wp-api\/wp\/v2\/types\/post"}],"author":[{"embeddable":true,"href":"https:\/\/colimdo.org\/wp-api\/wp\/v2\/users\/9"}],"replies":[{"embeddable":true,"href":"https:\/\/colimdo.org\/wp-api\/wp\/v2\/comments?post=50378"}],"version-history":[{"count":1,"href":"https:\/\/colimdo.org\/wp-api\/wp\/v2\/posts\/50378\/revisions"}],"predecessor-version":[{"id":50380,"href":"https:\/\/colimdo.org\/wp-api\/wp\/v2\/posts\/50378\/revisions\/50380"}],"wp:featuredmedia":[{"embeddable":true,"href":"https:\/\/colimdo.org\/wp-api\/wp\/v2\/media\/50379"}],"wp:attachment":[{"href":"https:\/\/colimdo.org\/wp-api\/wp\/v2\/media?parent=50378"}],"wp:term":[{"taxonomy":"category","embeddable":true,"href":"https:\/\/colimdo.org\/wp-api\/wp\/v2\/categories?post=50378"},{"taxonomy":"post_tag","embeddable":true,"href":"https:\/\/colimdo.org\/wp-api\/wp\/v2\/tags?post=50378"}],"curies":[{"name":"wp","href":"https:\/\/api.w.org\/{rel}","templated":true}]}}