{"id":50384,"date":"2019-03-18T23:39:19","date_gmt":"2019-03-18T23:39:19","guid":{"rendered":"https:\/\/colimdo.org\/?p=50384"},"modified":"2019-03-18T23:39:19","modified_gmt":"2019-03-18T23:39:19","slug":"gobierno-de-rio-de-janeiro-retoma-control-del-estadio-maracana","status":"publish","type":"post","link":"https:\/\/colimdo.org\/noticias\/gobierno-de-rio-de-janeiro-retoma-control-del-estadio-maracana\/","title":{"rendered":"Gobierno de R\u00edo de Janeiro retoma control del estadio Maracan\u00e1"},"content":{"rendered":"<p>R\u00cdO DE JANEIRO (AP) \u2014 El gobierno estatal de R\u00edo de Janeiro retomar\u00e1 el control del estadio Maracan\u00e1, que se encuentra en crisis, y romper\u00e1 el contrato con sus administradores privados.<\/p>\n<p>El gobernador Wilson Witzel anunci\u00f3 el lunes que el grupo a cargo del inmueble de 78.000 localidades debe al estado alrededor de 10 millones de d\u00f3lares desde marzo de 2017.<\/p>\n<p>\u201cEl Maracan\u00e1 genera ingresos\u201d, asegur\u00f3 Witzel. \u201cSer\u00e1 administrado por el estado en asociaci\u00f3n con los clubes. No veo dificultad alguna en eso\u201d.<\/p>\n<p>Los equipos de f\u00fatbol Flamengo y Fluminense, que juegan en el estadio, ambos la terminaci\u00f3n del contrato con el exoperador, el Consorcio Maracan\u00e1 encabezado por el conglomerado Odebrecht.<\/p>\n<p>Witzel se\u00f1al\u00f3 que se espera que la medida sea completada dentro de 30 d\u00edas y que el futuro del estadio no pod\u00eda estar vinculado a una \u201ccompa\u00f1\u00eda que fue sentenciada\u201d.<\/p>\n<p>Varios de los ejecutivos de Odebrecht, entre ellos su director general, han sido detenidos como parte de una extensa pesquisa sobre corrupci\u00f3n conocida como Operaci\u00f3n Lavado de Autos. Los investigadores determinaron que las compa\u00f1\u00edas, incluida Odebrecht, pagaron miles de millones de d\u00f3lares en sobornos a pol\u00edticos para asegurar contratos y favores pol\u00edticos.<\/p>\n<p>El Consorcio Maracan\u00e1 indic\u00f3 en un comunicado que comentar\u00e1 despu\u00e9s de revisar la decisi\u00f3n.<\/p>\n<p>A comienzo de este a\u00f1o, la legislatura estatal de R\u00edo decidi\u00f3 investigar el contrato entre el estado y el administrador.<\/p>\n<p>La renovaci\u00f3n del estadio para la Copa del Mundo 2014 cost\u00f3 alrededor de 350 millones de d\u00f3lares a los contribuyentes brasile\u00f1os. Qued\u00f3 en mal estado tras los Juegos Ol\u00edmpicos de 2016 en medio de disputas legales, y en 2017, el Consorcio Maracan\u00e1 gan\u00f3 una licitaci\u00f3n para administrar el estadio con planes de invertir alrededor de 156 millones de d\u00f3lares durante m\u00e1s de 35 a\u00f1os.<\/p>\n<p>Se supon\u00eda que el Consorcio Maracan\u00e1 tambi\u00e9n pagar\u00eda al gobierno de R\u00edo alrededor de 1,5 millones de d\u00f3lares anuales, lo cual seg\u00fan Witzel nunca se materializ\u00f3.<\/p>\n<p>El hist\u00f3rico escenario, que fue sede de dos finales de la Copa del Mundo, tambi\u00e9n albergar\u00e1 la final de la Copa Am\u00e9rica el 7 de julio.<\/p>\n","protected":false},"excerpt":{"rendered":"<p>R\u00cdO DE JANEIRO (AP) \u2014 El gobierno estatal de R\u00edo de Janeiro retomar\u00e1 el control del estadio Maracan\u00e1, que se encuentra en crisis, y romper\u00e1 el contrato con sus administradores privados. El gobernador Wilson Witzel anunci\u00f3 el lunes que el grupo a cargo del inmueble de 78.000 localidades debe al estado alrededor de 10 millones [&hellip;]<\/p>\n","protected":false},"author":9,"featured_media":50385,"comment_status":"closed","ping_status":"closed","sticky":false,"template":"","format":"standard","meta":[],"categories":[2,60],"tags":[],"acf":[],"_links":{"self":[{"href":"https:\/\/colimdo.org\/wp-api\/wp\/v2\/posts\/50384"}],"collection":[{"href":"https:\/\/colimdo.org\/wp-api\/wp\/v2\/posts"}],"about":[{"href":"https:\/\/colimdo.org\/wp-api\/wp\/v2\/types\/post"}],"author":[{"embeddable":true,"href":"https:\/\/colimdo.org\/wp-api\/wp\/v2\/users\/9"}],"replies":[{"embeddable":true,"href":"https:\/\/colimdo.org\/wp-api\/wp\/v2\/comments?post=50384"}],"version-history":[{"count":1,"href":"https:\/\/colimdo.org\/wp-api\/wp\/v2\/posts\/50384\/revisions"}],"predecessor-version":[{"id":50387,"href":"https:\/\/colimdo.org\/wp-api\/wp\/v2\/posts\/50384\/revisions\/50387"}],"wp:featuredmedia":[{"embeddable":true,"href":"https:\/\/colimdo.org\/wp-api\/wp\/v2\/media\/50385"}],"wp:attachment":[{"href":"https:\/\/colimdo.org\/wp-api\/wp\/v2\/media?parent=50384"}],"wp:term":[{"taxonomy":"category","embeddable":true,"href":"https:\/\/colimdo.org\/wp-api\/wp\/v2\/categories?post=50384"},{"taxonomy":"post_tag","embeddable":true,"href":"https:\/\/colimdo.org\/wp-api\/wp\/v2\/tags?post=50384"}],"curies":[{"name":"wp","href":"https:\/\/api.w.org\/{rel}","templated":true}]}}