{"id":50388,"date":"2019-03-18T23:41:51","date_gmt":"2019-03-18T23:41:51","guid":{"rendered":"https:\/\/colimdo.org\/?p=50388"},"modified":"2019-03-18T23:41:51","modified_gmt":"2019-03-18T23:41:51","slug":"natacion-logra-cuatro-plateadas-en-juegos-mundiales-de-olimpiadas-especiales","status":"publish","type":"post","link":"https:\/\/colimdo.org\/noticias\/natacion-logra-cuatro-plateadas-en-juegos-mundiales-de-olimpiadas-especiales\/","title":{"rendered":"Nataci\u00f3n logra cuatro plateadas en Juegos Mundiales de Olimpiadas Especiales"},"content":{"rendered":"<p>La cosecha sin precedentes del deporte de Rep\u00fablica Dominicana en los Juegos Mundiales de Olimpiadas Especiales de Abu Dhabi 2019, se elev\u00f3 a diez con la conquista de cuatro preseas de plata por los atletas de nataci\u00f3n en aguas abiertas y asegurar una quinta mediante el equipo de voleibol playa femenino, que avanz\u00f3 a la final este lunes y podr\u00eda convertirla en la segunda de oro que logre el pa\u00eds.<\/p>\n<p>Astrid Curiel, Juan Cortorreal, Pablo Ortega y Alejandro Batlle (que ya hab\u00eda ganado una de bronce) lograron preseas plateadas en las diferentes divisiones de la nataci\u00f3n en aguas abiertas, distancia 800 metros, seg\u00fan ha reportado la delegaci\u00f3n que asiste al certamen en el se\u00f1alado emirato del Golfo P\u00e9rsico.<\/p>\n<p>Tambi\u00e9n se report\u00f3 que el conjunto nacional de chicas en voleibol de playa gan\u00f3 en semifinal el lunes, con lo cual asegura la plata, que podr\u00eda devenir el oro si se impune en la final, que de por s\u00ed es la actuaci\u00f3n m\u00e1s espectacular que logra el pa\u00eds en la historia de estos Juegos Mundiales.<\/p>\n<p>En el \u00faltimo reporte, a media tarde del lunes, noche tendida en Abu Dhabi, se inform\u00f3 que la dupla formada por Adis Ram\u00edrez y Luis Garrido, se ubic\u00f3 en quinto lugar en las competiciones de tenis, modalidad dobles mixtos.<\/p>\n<p>La delegaci\u00f3n est\u00e1 conformada por 21 atletas y que est\u00e1 siendo respaldada por la primera dama de la Rep\u00fablica C\u00e1ndida Montilla de Medina y el ministro de Deportes y Recreaci\u00f3n, licenciado Danilo D\u00edaz, junto a una comitiva de entrenadores y acompa\u00f1antes del movimiento de Olimp\u00edadas Especiales de la RD.<\/p>\n<p>Dominicana acumula una presea de oro, lograra por Anthony Hidalgo en boliche; tres de plata con G\u00e9nesis Graciano en boliche, \u00c1ngel Rodr\u00edguez en atletismo (200 metros planos) y Armando Garrido en tenis.<\/p>\n<p>La de bronce la hab\u00eda conquistado Alejandro Batlle en triatl\u00f3n, por lo que es el \u00fanico que suma dos entre la delegaci\u00f3n nacional con atletas especiales por sus discapacidades intelectuales.<\/p>\n<p>A los Juegos Mundiales de Abu Dhabi asisten unos 7,500 atletas de cerca de 200 pa\u00edses y se extender\u00e1n hasta este jueves 21 de marzo. Fueron inaugurados el pasado jueves 14.<\/p>\n","protected":false},"excerpt":{"rendered":"<p>La cosecha sin precedentes del deporte de Rep\u00fablica Dominicana en los Juegos Mundiales de Olimpiadas Especiales de Abu Dhabi 2019, se elev\u00f3 a diez con la conquista de cuatro preseas de plata por los atletas de nataci\u00f3n en aguas abiertas y asegurar una quinta mediante el equipo de voleibol playa femenino, que avanz\u00f3 a la [&hellip;]<\/p>\n","protected":false},"author":9,"featured_media":50389,"comment_status":"closed","ping_status":"closed","sticky":false,"template":"","format":"standard","meta":[],"categories":[2,60],"tags":[],"acf":[],"_links":{"self":[{"href":"https:\/\/colimdo.org\/wp-api\/wp\/v2\/posts\/50388"}],"collection":[{"href":"https:\/\/colimdo.org\/wp-api\/wp\/v2\/posts"}],"about":[{"href":"https:\/\/colimdo.org\/wp-api\/wp\/v2\/types\/post"}],"author":[{"embeddable":true,"href":"https:\/\/colimdo.org\/wp-api\/wp\/v2\/users\/9"}],"replies":[{"embeddable":true,"href":"https:\/\/colimdo.org\/wp-api\/wp\/v2\/comments?post=50388"}],"version-history":[{"count":1,"href":"https:\/\/colimdo.org\/wp-api\/wp\/v2\/posts\/50388\/revisions"}],"predecessor-version":[{"id":50390,"href":"https:\/\/colimdo.org\/wp-api\/wp\/v2\/posts\/50388\/revisions\/50390"}],"wp:featuredmedia":[{"embeddable":true,"href":"https:\/\/colimdo.org\/wp-api\/wp\/v2\/media\/50389"}],"wp:attachment":[{"href":"https:\/\/colimdo.org\/wp-api\/wp\/v2\/media?parent=50388"}],"wp:term":[{"taxonomy":"category","embeddable":true,"href":"https:\/\/colimdo.org\/wp-api\/wp\/v2\/categories?post=50388"},{"taxonomy":"post_tag","embeddable":true,"href":"https:\/\/colimdo.org\/wp-api\/wp\/v2\/tags?post=50388"}],"curies":[{"name":"wp","href":"https:\/\/api.w.org\/{rel}","templated":true}]}}