{"id":50393,"date":"2019-03-19T02:58:05","date_gmt":"2019-03-19T02:58:05","guid":{"rendered":"https:\/\/colimdo.org\/?p=50393"},"modified":"2019-03-19T02:58:14","modified_gmt":"2019-03-19T02:58:14","slug":"lima-2019-realizo-prueba-de-funcionamiento-de-la-villa-panamericana","status":"publish","type":"post","link":"https:\/\/colimdo.org\/noticias\/lima-2019-realizo-prueba-de-funcionamiento-de-la-villa-panamericana\/","title":{"rendered":"Lima 2019 realiz\u00f3 prueba de funcionamiento de la Villa Panamericana"},"content":{"rendered":"<p>Una ma\u00f1ana diferente se vivi\u00f3 en pleno coraz\u00f3n de Villa El Salvador. Con la presencia de m\u00e1s de 500 voluntarios del Ej\u00e9rcito peruano, de la Universidad Nacional Mayor de San Marcos, destacados deportistas y Para deportistas, se realiz\u00f3 la prueba de funcionamiento de los siete edificios que forman parte de la Villa Panamericana y Parapanamericana, que se convertir\u00e1 en el mes de julio en la principal sede de alojamiento de deportistas y oficiales t\u00e9cnicos en Lima 2019.<\/p>\n<p>De esta manera, Lima 2019 cumpli\u00f3 con unos de sus compromisos en el marco de la organizaci\u00f3n de la mayor fiesta multideportiva del continente en nuestro pa\u00eds, culminar con anticipaci\u00f3n la operatividad de esta importante sede, la cual estaba prevista para el 31 de marzo. La obra se culmin\u00f3 al 100%, con el tiempo suficiente para las pruebas respectivas, las mismas que se realizaron hoy.<\/p>\n<p>En la actividad participaron el Director Ejecutivo de Lima 2019, Carlos Neuhaus Tudela; el Viceministro de Transportes, Carlos Estremadoyro; el General de Brigada, Carlos Alberto Rabanal Calder\u00f3n, el Director de la Escuela Militar de Chorrillos \u201cCoronel Francisco Bolognesi\u201d; el Teniente alcalde de Villa El Salvador, Eloy Ch\u00e1vez; el Gerente de Proyectos e Infraestructura de Lima 2019, Wilhelm Funcke y el Gerente de Operaciones de Lima 2019, Alberto Valenzuela.<\/p>\n<p>Carlos Neuhaus destac\u00f3 la puesta en valor del terreno donde se edific\u00f3 la Villa Panamericana y Parapanamericana. \u201cEsta Villa se convertir\u00e1 en un gran hotel con departamentos c\u00f3modos y totalmente accesibles. La construcci\u00f3n se inici\u00f3 en diciembre de 2017 y para julio de 2018 ya ten\u00edamos los edificios levantados. Ahora todos est\u00e1n totalmente habilitados, cuentan con instalaciones de luz, agua, desag\u00fce y gas. Est\u00e1n listos para ser habitados y cumplen con las normas internacionales\u201d, afirm\u00f3.<\/p>\n<p>\u201cEstamos cumpliendo con todos los retos que nos propusimos. Entregando distintos escenarios en varias sedes como Villa Mar\u00eda del Triunfo y siento que estamos avanzando con miras a los Juegos Lima 2019\u201d, enfatiz\u00f3 Neuhaus.<\/p>\n<p>A su turno, el Viceministro de Transportes afirm\u00f3 que la construcci\u00f3n de la Villa fue un gran reto que asumi\u00f3 el gobierno. \u201cFue un reto grande y ahora tenemos esta Villa terminada. En su momento, cuando el Presidente (Mart\u00edn Vizcarra) era Ministro de Transportes y Comunicaciones dijo s\u00ed hacemos la Villa y asumimos el reto m\u00e1s importante como gobierno. Se puso en valor este terreno que era un botadero y en escombros. Lima 2019 tiene su primera estrellita con la culminaci\u00f3n de la Villa. Ac\u00e1 lo importante es que quedar\u00e1 un legado para la ciudad con infraestructura de primera. Ahora nos toca disfrutar de los Juegos\u201d, afirm\u00f3 Estremadoyro.<\/p>\n<p><strong>Ingreso a los edificios<\/strong><\/p>\n<p>Luego de un breve acto protocolar, con la presencia de autoridades, el personal del Ej\u00e9rcito, voluntarios y deportistas, ingresaron a los edificios y departamentos de la Villa para probar la accesibilidad, los modernos ascensores y la simultaneidad en la operaci\u00f3n de los servicios de agua, desag\u00fce y electricidad que se instalaron para recibir a los futuros hu\u00e9spedes.<\/p>\n<p>Las selecciones de damas y varones de Hockey y los representantes de Para nataci\u00f3n, Para Taekwondo y Para Powerlifting, tambi\u00e9n participaron de esta puesta en funcionamiento y conocieron la sede donde convivir\u00e1n con los representantes de las delegaciones deportivas durante el desarrollo de los Juegos Lima 2019.<\/p>\n<p>Al final de la prueba, Lima 2019 inform\u00f3 que los servicios funcionaron en simult\u00e1neo, en todos los pisos de los edificios de manera \u00f3ptima y se encuentran operativos al 100%. Los deportistas y Para atletas pudieron comprobar las comodidades y la accesibilidad en el alojamiento.<\/p>\n<p>La Villa cuenta con 1,096 departamentos, de los cuales, 548 son de 70 m2, 212 de 73 m2 y 336 de 75 m2, habiendo sido habilitados estos \u00faltimos para personas con discapacidad. Cada edificio cuenta con cuatro ascensores, con capacidad para 18 personas y acceso a sillas de ruedas.<\/p>\n<p>Al cierre del 2018, se concluyeron con los trabajos correspondientes al acabado de sus cuatro edificios de 20 pisos y tres de 19. La Villa Panamericana y Parapanamericana, principal sede de alojamiento recibir\u00e1 alrededor de 10,000 residentes durante los Juegos Panamericanos y los Juegos Parapanamericanos.<\/p>\n<p><strong>Complejo habitacional accesible<\/strong><\/p>\n<p>La principal sede de alojamiento de Lima 2019, se convertir\u00e1 en el complejo habitacional con accesibilidad m\u00e1s grande del pa\u00eds. La Villa contar\u00e1 con baldosas podot\u00e1ctiles en las v\u00edas peatonales y la ciclov\u00eda, con el fin de facilitar el desplazamiento hacia las torres de alojamiento de los deportistas con discapacidad visual.<\/p>\n<p>Asimismo, en diciembre \u00faltimo, se culmin\u00f3 con la implementaci\u00f3n de la se\u00f1al\u00e9tica con sistema Braille ubicada en todos los pisos de las torres de la Villa Panamericana y Parapanamericana.<\/p>\n<p>Este \u201clenguaje universal\u201d, alerta e informa respecto de la circulaci\u00f3n y de las acciones a tomar en caso de alg\u00fan evento que ponga en riesgo la integridad de las personas con discapacidad visual.<\/p>\n<p>El referido sistema tambi\u00e9n se instal\u00f3 en las botoneras de los ascensores, los mismos que se ubican en los extremos de cada torre.<\/p>\n<p>Cabe destacar que estos edificios cuentan, asimismo, con amplios pasadizos interiores y un total de 28 ascensores para facilitar el tr\u00e1nsito de personas con discapacidad motriz, quienes tienen que movilizarse en silla de ruedas.<\/p>\n<p>La Villa Panamericana y Parapanamericana es una obra monumental que dejar\u00e1 un importante legado de viviendas para la poblaci\u00f3n de Villa El Salvador y del pa\u00eds, la cual podr\u00e1 acceder a instalaciones con est\u00e1ndares de construcci\u00f3n de primera.<\/p>\n","protected":false},"excerpt":{"rendered":"<p>M\u00e1s de 500 voluntarios ingresaron a los siete edificios para comprobar la accesibilidad y el funcionamiento de la principal sede de alojamiento.<\/p>\n","protected":false},"author":13,"featured_media":50394,"comment_status":"closed","ping_status":"closed","sticky":false,"template":"","format":"standard","meta":[],"categories":[2],"tags":[],"acf":[],"_links":{"self":[{"href":"https:\/\/colimdo.org\/wp-api\/wp\/v2\/posts\/50393"}],"collection":[{"href":"https:\/\/colimdo.org\/wp-api\/wp\/v2\/posts"}],"about":[{"href":"https:\/\/colimdo.org\/wp-api\/wp\/v2\/types\/post"}],"author":[{"embeddable":true,"href":"https:\/\/colimdo.org\/wp-api\/wp\/v2\/users\/13"}],"replies":[{"embeddable":true,"href":"https:\/\/colimdo.org\/wp-api\/wp\/v2\/comments?post=50393"}],"version-history":[{"count":1,"href":"https:\/\/colimdo.org\/wp-api\/wp\/v2\/posts\/50393\/revisions"}],"predecessor-version":[{"id":50395,"href":"https:\/\/colimdo.org\/wp-api\/wp\/v2\/posts\/50393\/revisions\/50395"}],"wp:featuredmedia":[{"embeddable":true,"href":"https:\/\/colimdo.org\/wp-api\/wp\/v2\/media\/50394"}],"wp:attachment":[{"href":"https:\/\/colimdo.org\/wp-api\/wp\/v2\/media?parent=50393"}],"wp:term":[{"taxonomy":"category","embeddable":true,"href":"https:\/\/colimdo.org\/wp-api\/wp\/v2\/categories?post=50393"},{"taxonomy":"post_tag","embeddable":true,"href":"https:\/\/colimdo.org\/wp-api\/wp\/v2\/tags?post=50393"}],"curies":[{"name":"wp","href":"https:\/\/api.w.org\/{rel}","templated":true}]}}