{"id":50396,"date":"2019-03-19T03:01:00","date_gmt":"2019-03-19T03:01:00","guid":{"rendered":"https:\/\/colimdo.org\/?p=50396"},"modified":"2019-03-19T03:01:46","modified_gmt":"2019-03-19T03:01:46","slug":"losos-plata-en-copa-de-naciones-clasifica-a-final-copa-del-mundo","status":"publish","type":"post","link":"https:\/\/colimdo.org\/noticias\/losos-plata-en-copa-de-naciones-clasifica-a-final-copa-del-mundo\/","title":{"rendered":"Losos, plata en Copa de Naciones; clasifica a final Copa del Mundo"},"content":{"rendered":"<p>Yvonne Losos de Muniz gan\u00f3 la medalla de plata individual en la final individual de la Copa de Naciones celebrada este fin de semana en el Global Dressage Festival, en Wellington, Florida.<\/p>\n<p>La amazona, que es apadrinada por el programa CRESO, sigue cosechando una temporada llena de \u00e9xitos, en esta ocasi\u00f3n con su yegua Aquamarijn, al obtener una puntuaci\u00f3n de 75.24% en el Gran Premio Freestyle, siendo solo superada por la norteamericana Shelly Francis, quien se alz\u00f3 con el oro.<\/p>\n<p>La prueba, que cont\u00f3 con una afluencia de m\u00e1s de dos mil espectadores, cerr\u00f3 el ciclo de clasificaci\u00f3n para la final de la Copa del Mundo de la Federaci\u00f3n Ecuestre Internacional, la cual se celebrar\u00e1 la primera semana de abril en Gotenburgo, Suecia.<\/p>\n<p>Con sus resultados recientes, la ol\u00edmpica criolla asegur\u00f3 la \u00fanica plaza disponible para atletas no procedentes de Europa o Norteam\u00e9rica, siendo este el segundo a\u00f1o consecutivo que participa en ese evento, reservado a los mejores 18 jinetes del mundo.<\/p>\n<p>El a\u00f1o pasado, Losos particip\u00f3 en la final celebrada en Paris, Francia, con su ejemplar Foco Loco.<\/p>\n<p>Para la final de Suecia, Losos anunci\u00f3 su decisi\u00f3n de llevar a Aquamarijn, aun cuando ten\u00eda a Foco Loco tambi\u00e9n clasificado.<\/p>\n","protected":false},"excerpt":{"rendered":"<p>Para quedarse con el segundo puesto, Yvonne Losos de Mu\u00f1iz obtuvo la segunda mejor puntuaci\u00f3n para clasificar al evento del mundo en Suecia.<\/p>\n","protected":false},"author":13,"featured_media":50397,"comment_status":"closed","ping_status":"closed","sticky":false,"template":"","format":"standard","meta":[],"categories":[2,60],"tags":[],"acf":[],"_links":{"self":[{"href":"https:\/\/colimdo.org\/wp-api\/wp\/v2\/posts\/50396"}],"collection":[{"href":"https:\/\/colimdo.org\/wp-api\/wp\/v2\/posts"}],"about":[{"href":"https:\/\/colimdo.org\/wp-api\/wp\/v2\/types\/post"}],"author":[{"embeddable":true,"href":"https:\/\/colimdo.org\/wp-api\/wp\/v2\/users\/13"}],"replies":[{"embeddable":true,"href":"https:\/\/colimdo.org\/wp-api\/wp\/v2\/comments?post=50396"}],"version-history":[{"count":1,"href":"https:\/\/colimdo.org\/wp-api\/wp\/v2\/posts\/50396\/revisions"}],"predecessor-version":[{"id":50398,"href":"https:\/\/colimdo.org\/wp-api\/wp\/v2\/posts\/50396\/revisions\/50398"}],"wp:featuredmedia":[{"embeddable":true,"href":"https:\/\/colimdo.org\/wp-api\/wp\/v2\/media\/50397"}],"wp:attachment":[{"href":"https:\/\/colimdo.org\/wp-api\/wp\/v2\/media?parent=50396"}],"wp:term":[{"taxonomy":"category","embeddable":true,"href":"https:\/\/colimdo.org\/wp-api\/wp\/v2\/categories?post=50396"},{"taxonomy":"post_tag","embeddable":true,"href":"https:\/\/colimdo.org\/wp-api\/wp\/v2\/tags?post=50396"}],"curies":[{"name":"wp","href":"https:\/\/api.w.org\/{rel}","templated":true}]}}