{"id":50411,"date":"2019-03-19T16:44:30","date_gmt":"2019-03-19T16:44:30","guid":{"rendered":"https:\/\/colimdo.org\/?p=50411"},"modified":"2019-03-19T16:44:30","modified_gmt":"2019-03-19T16:44:30","slug":"luis-rojas-sera-asistente-especial-del-gerente-general-de-los-leones","status":"publish","type":"post","link":"https:\/\/colimdo.org\/noticias\/luis-rojas-sera-asistente-especial-del-gerente-general-de-los-leones\/","title":{"rendered":"Luis Rojas ser\u00e1 Asistente Especial del gerente general de los Leones"},"content":{"rendered":"<p class=\"x_MsoNormal\"><b><span lang=\"ES-TRAD\">SANTO DOMINGO.-\u00a0<\/span><\/b><span lang=\"ES-TRAD\">Los Leones del Escogido seguir\u00e1n contando con la capacidad de Luis Rojas, pero esta vez como Asistente Especial del gerente general Jos\u00e9 G\u00f3mez Fr\u00edas.<\/span><\/p>\n<p class=\"x_MsoNormal\"><span lang=\"ES-TRAD\">El anuncio fue realizado este martes por el propio G\u00f3mez Fr\u00edas a trav\u00e9s de un despacho de prensa, en el que resalt\u00f3 los aportes que Rojas puede hacer a la organizaci\u00f3n.<\/span><\/p>\n<p class=\"x_MsoNormal\"><span lang=\"ES-TRAD\">\u201cContar con Luis en el equipo en cualquier rol es una gran adici\u00f3n para nosotros. Su conocimiento del conjunto servir\u00e1 como enlace para que nuestro dirigente pueda familiarizarse m\u00e1s r\u00e1pido con el material que tenemos y continuar con la cultura ganadora que hemos desarrollado\u201d, manifest\u00f3 el ejecutivo.<\/span><\/p>\n<p class=\"x_MsoNormal\"><span lang=\"ES-TRAD\">Rojas actualmente se encuentra con los Mets de Nueva York, donde cumple como coach de control de calidad, el primero en la historia de la franquicia neoyorquina.<\/span><\/p>\n<p class=\"x_MsoNormal\"><span lang=\"ES-TRAD\">\u201cAhora mismo la prioridad de Luis es su trabajo en las Mayores, pero encontraremos formas de sacarle provecho a su red de contactos y a sus conocimientos del juego\u201d, agreg\u00f3 G\u00f3mez Fr\u00edas.<\/span><\/p>\n<p class=\"x_MsoNormal\"><span lang=\"ES-TRAD\">Recientemente ambos se reunieron en la Florida, en un encuentro en el que tambi\u00e9n participaron el coach de banca Jos\u00e9 Leger, adem\u00e1s de Jaylon Pimentel y Fausto Severino Jr., integrantes del departamento de Operaciones de los melenudos.<\/span><\/p>\n<p class=\"x_MsoNormal\"><span lang=\"ES-TRAD\">El acuerdo permite a Rojas mantenerse en las filas escarlatas, luego de dirigir al Escogido desde el 14 de noviembre del 2014 hasta el 3 de enero del 2019.<\/span><\/p>\n<p class=\"x_MsoNormal\"><span lang=\"ES-TRAD\">Durante ese tramo, Rojas clasific\u00f3 al Escogido en cuatro a\u00f1os consecutivos y se coron\u00f3 campe\u00f3n de la pelota dominicana en la campa\u00f1a 2015-16. Adem\u00e1s, se convirti\u00f3 en el segundo dirigente en la historia del club en llegar a 100 victorias en serie regular (115), uni\u00e9ndose a su padre y leyenda del club, Felipe Rojas Alou (230).<\/span><\/p>\n","protected":false},"excerpt":{"rendered":"<p>El anuncio fue realizado este martes por el propio G\u00f3mez Fr\u00edas a trav\u00e9s de un despacho de prensa, en el que resalt\u00f3 los aportes que Rojas puede hacer a la organizaci\u00f3n.<\/p>\n","protected":false},"author":16,"featured_media":50413,"comment_status":"closed","ping_status":"closed","sticky":false,"template":"","format":"standard","meta":[],"categories":[2,60],"tags":[],"acf":[],"_links":{"self":[{"href":"https:\/\/colimdo.org\/wp-api\/wp\/v2\/posts\/50411"}],"collection":[{"href":"https:\/\/colimdo.org\/wp-api\/wp\/v2\/posts"}],"about":[{"href":"https:\/\/colimdo.org\/wp-api\/wp\/v2\/types\/post"}],"author":[{"embeddable":true,"href":"https:\/\/colimdo.org\/wp-api\/wp\/v2\/users\/16"}],"replies":[{"embeddable":true,"href":"https:\/\/colimdo.org\/wp-api\/wp\/v2\/comments?post=50411"}],"version-history":[{"count":1,"href":"https:\/\/colimdo.org\/wp-api\/wp\/v2\/posts\/50411\/revisions"}],"predecessor-version":[{"id":50414,"href":"https:\/\/colimdo.org\/wp-api\/wp\/v2\/posts\/50411\/revisions\/50414"}],"wp:featuredmedia":[{"embeddable":true,"href":"https:\/\/colimdo.org\/wp-api\/wp\/v2\/media\/50413"}],"wp:attachment":[{"href":"https:\/\/colimdo.org\/wp-api\/wp\/v2\/media?parent=50411"}],"wp:term":[{"taxonomy":"category","embeddable":true,"href":"https:\/\/colimdo.org\/wp-api\/wp\/v2\/categories?post=50411"},{"taxonomy":"post_tag","embeddable":true,"href":"https:\/\/colimdo.org\/wp-api\/wp\/v2\/tags?post=50411"}],"curies":[{"name":"wp","href":"https:\/\/api.w.org\/{rel}","templated":true}]}}