{"id":50417,"date":"2019-03-19T18:12:14","date_gmt":"2019-03-19T18:12:14","guid":{"rendered":"https:\/\/colimdo.org\/?p=50417"},"modified":"2019-03-19T18:12:14","modified_gmt":"2019-03-19T18:12:14","slug":"carlos-gomez-debuto-con-los-mets-tras-recibir-su-visa-de-trabajo","status":"publish","type":"post","link":"https:\/\/colimdo.org\/noticias\/carlos-gomez-debuto-con-los-mets-tras-recibir-su-visa-de-trabajo\/","title":{"rendered":"Carlos G\u00f3mez debut\u00f3 con los Mets tras recibir su visa de trabajo"},"content":{"rendered":"<p>MLB. Tras m\u00e1s dos semanas desde que firm\u00f3 su contrato de Ligas Menores con los Mets, el dominicano Carlos G\u00f3mez recibi\u00f3 su visa de trabajo e hizo su debut en la Liga de la Toronja el lunes. El guardabosque bate\u00f3 de 2-0 en la derrota del conjunto de Nueva York ante los Nacionales.<\/p>\n<p>Este fue el primer encuentro de G\u00f3mez con los Mets desde que el jardinero fue enviado a los Mellizos como parte del cambio por el venezolano Johan Santana antes de la campa\u00f1a del 2008.<\/p>\n<p>\u201cSurgieron varias emociones &#8212; (estuve) entusiasmado, nervioso, contento\u201d, declar\u00f3 G\u00f3mez. \u201cEs un sue\u00f1o hecho realidad, volver aqu\u00ed y hacer lo que me encanta\u201d.<\/p>\n<p>Con menos de una semana restando en la pretemporada, G\u00f3mez no tendr\u00e1 suficiente tiempo para ganarse un puesto en el roster del equipo grande. El club de Queens cuenta con cuatro guardabosques bajo contratos garantizados por encima del quisqueyano. Adem\u00e1s, tienen a Jeff McNeil, J.D. Davis y al veterano Rajai Davis.<\/p>\n<p>Sin embargo, el piloto Mickey Callaway no descart\u00f3 la posibilidad de que G\u00f3mez sea parte del equipo para el inicio de la campa\u00f1a.<\/p>\n<p>\u201cSi pega siete jonrones en esta semana\u2026\u201d, brome\u00f3 Callaway. \u201cVeremos qu\u00e9 sucede\u201d.<\/p>\n","protected":false},"excerpt":{"rendered":"<p>Este fue el primer encuentro de G\u00f3mez con los Mets desde que el jardinero fue enviado a los Mellizos como parte del cambio por el venezolano Johan Santana antes de la campa\u00f1a del 2008.<\/p>\n","protected":false},"author":16,"featured_media":50418,"comment_status":"closed","ping_status":"closed","sticky":false,"template":"","format":"standard","meta":[],"categories":[2,60],"tags":[],"acf":[],"_links":{"self":[{"href":"https:\/\/colimdo.org\/wp-api\/wp\/v2\/posts\/50417"}],"collection":[{"href":"https:\/\/colimdo.org\/wp-api\/wp\/v2\/posts"}],"about":[{"href":"https:\/\/colimdo.org\/wp-api\/wp\/v2\/types\/post"}],"author":[{"embeddable":true,"href":"https:\/\/colimdo.org\/wp-api\/wp\/v2\/users\/16"}],"replies":[{"embeddable":true,"href":"https:\/\/colimdo.org\/wp-api\/wp\/v2\/comments?post=50417"}],"version-history":[{"count":1,"href":"https:\/\/colimdo.org\/wp-api\/wp\/v2\/posts\/50417\/revisions"}],"predecessor-version":[{"id":50419,"href":"https:\/\/colimdo.org\/wp-api\/wp\/v2\/posts\/50417\/revisions\/50419"}],"wp:featuredmedia":[{"embeddable":true,"href":"https:\/\/colimdo.org\/wp-api\/wp\/v2\/media\/50418"}],"wp:attachment":[{"href":"https:\/\/colimdo.org\/wp-api\/wp\/v2\/media?parent=50417"}],"wp:term":[{"taxonomy":"category","embeddable":true,"href":"https:\/\/colimdo.org\/wp-api\/wp\/v2\/categories?post=50417"},{"taxonomy":"post_tag","embeddable":true,"href":"https:\/\/colimdo.org\/wp-api\/wp\/v2\/tags?post=50417"}],"curies":[{"name":"wp","href":"https:\/\/api.w.org\/{rel}","templated":true}]}}