{"id":50428,"date":"2019-03-19T18:29:25","date_gmt":"2019-03-19T18:29:25","guid":{"rendered":"https:\/\/colimdo.org\/?p=50428"},"modified":"2019-03-19T18:29:25","modified_gmt":"2019-03-19T18:29:25","slug":"cristobal-marte-lamenta-deceso-padre-de-luis-mejia-oviedo","status":"publish","type":"post","link":"https:\/\/colimdo.org\/noticias\/cristobal-marte-lamenta-deceso-padre-de-luis-mejia-oviedo\/","title":{"rendered":"Crist\u00f3bal Marte lamenta deceso padre de Luis Mej\u00eda Oviedo"},"content":{"rendered":"<p>SANTO DOMINGO. El presidente de la Confederaci\u00f3n Norte-Centroam\u00e9rica y del Caribe de Voleibol (NORCECA), el licenciado Crist\u00f3bal Marte Hoffiz, lament\u00f3 profundamente el deceso del padre del licenciado Luis Mej\u00eda Oviedo, presidente del Comit\u00e9 Ol\u00edmpico Dominicano y Miembro del Comit\u00e9 Ol\u00edmpico Internacional, y de otro gran deportista, licenciado Henry Mej\u00eda Oviedo, Juez titular de la Junta Central Electoral y directivo de la Federaci\u00f3n Dominicana de Nataci\u00f3n.<\/p>\n<p>&#8220;Luis Mej\u00eda Oviedo y toda su familia han sido unos grandes aliados del deporte nacional y tambi\u00e9n del Voleibol Dominicano, en muchas de sus etapas&#8221;, dijo Marte Hoffiz.<\/p>\n<p>Dijo que Dios dar\u00e1 la fortaleza a Luis Mej\u00eda y toda su familia en estos momentos de dolor ante la perdida de su Padre.<\/p>\n<p>Falleci\u00f3 la ma\u00f1ana de ayer martes don Luis Mej\u00eda Castillo, padre del licenciado Luis Mej\u00eda Oviedo, presidente del Comit\u00e9 Ol\u00edmpico Dominicano.<\/p>\n<p>El deceso de don Mej\u00eda Castillo se produjo en su hogar, a las 11:00 de la ma\u00f1ana, inform\u00f3 el licenciado Mej\u00eda Oviedo a trav\u00e9s de su cuenta de twiter.<\/p>\n<p>Al momento de su fallecimiento don Mej\u00eda Castillo ten\u00eda 91 a\u00f1os de edad y muri\u00f3 rodeado de sus familiares.<\/p>\n","protected":false},"excerpt":{"rendered":"<p>Marte dijo que Dios dar\u00e1 la fortaleza a Luis Mej\u00eda y toda su familia en estos momentos de dolor ante la perdida de su Padre.<\/p>\n","protected":false},"author":16,"featured_media":50432,"comment_status":"closed","ping_status":"closed","sticky":false,"template":"","format":"standard","meta":[],"categories":[2,60],"tags":[],"acf":[],"_links":{"self":[{"href":"https:\/\/colimdo.org\/wp-api\/wp\/v2\/posts\/50428"}],"collection":[{"href":"https:\/\/colimdo.org\/wp-api\/wp\/v2\/posts"}],"about":[{"href":"https:\/\/colimdo.org\/wp-api\/wp\/v2\/types\/post"}],"author":[{"embeddable":true,"href":"https:\/\/colimdo.org\/wp-api\/wp\/v2\/users\/16"}],"replies":[{"embeddable":true,"href":"https:\/\/colimdo.org\/wp-api\/wp\/v2\/comments?post=50428"}],"version-history":[{"count":1,"href":"https:\/\/colimdo.org\/wp-api\/wp\/v2\/posts\/50428\/revisions"}],"predecessor-version":[{"id":50434,"href":"https:\/\/colimdo.org\/wp-api\/wp\/v2\/posts\/50428\/revisions\/50434"}],"wp:featuredmedia":[{"embeddable":true,"href":"https:\/\/colimdo.org\/wp-api\/wp\/v2\/media\/50432"}],"wp:attachment":[{"href":"https:\/\/colimdo.org\/wp-api\/wp\/v2\/media?parent=50428"}],"wp:term":[{"taxonomy":"category","embeddable":true,"href":"https:\/\/colimdo.org\/wp-api\/wp\/v2\/categories?post=50428"},{"taxonomy":"post_tag","embeddable":true,"href":"https:\/\/colimdo.org\/wp-api\/wp\/v2\/tags?post=50428"}],"curies":[{"name":"wp","href":"https:\/\/api.w.org\/{rel}","templated":true}]}}