{"id":50429,"date":"2019-03-19T18:32:16","date_gmt":"2019-03-19T18:32:16","guid":{"rendered":"https:\/\/colimdo.org\/?p=50429"},"modified":"2019-03-19T18:30:29","modified_gmt":"2019-03-19T18:30:29","slug":"fallece-don-luis-mejia-castillo-padre-de-luisin-mejia-oviedo","status":"publish","type":"post","link":"https:\/\/colimdo.org\/noticias\/fallece-don-luis-mejia-castillo-padre-de-luisin-mejia-oviedo\/","title":{"rendered":"Fallece don Luis Mej\u00eda Castillo, padre de Luis\u00edn Mej\u00eda Oviedo"},"content":{"rendered":"<p><strong>SANTO DOMINGO<\/strong>.- Falleci\u00f3 la ma\u00f1ana de este martes don Luis Mej\u00eda Castillo, padre del licenciado Luis Mej\u00eda Oviedo, presidente del Comit\u00e9 Ol\u00edmpico Dominicano.<\/p>\n<p><span style=\"font-style: inherit; font-weight: inherit;\">Los restos de don Mej\u00eda Castillo ser\u00e1n expuestos en la Funeraria Blandino, a partir de las 6:30 de la tarde de este martes hasta el mi\u00e9rcoles, 20 de marzo, a las 3:30 de la tarde.<\/span><\/p>\n<p><span style=\"font-style: inherit; font-weight: inherit;\">Sus restos ser\u00e1n sepultados en el cementerio Puerta del Cielo, a las 5:00 de la tarde de este mi\u00e9rcoles.<\/span><\/p>\n<p><span style=\"font-style: inherit; font-weight: inherit;\">El deceso de don Mej\u00eda Castillo se produjo en su hogar, a las 11:00 de la ma\u00f1ana, dijo el licenciado Mej\u00eda Oviedo a trav\u00e9s de su cuenta de twiter.<\/span><\/p>\n<p><span style=\"font-style: inherit; font-weight: inherit;\">Al momento de su fallecimiento don Mej\u00eda Castillo ten\u00eda 91 a\u00f1os de edad y muri\u00f3 rodeado de sus familiares.<\/span><\/p>\n","protected":false},"excerpt":{"rendered":"<p>Los restos de don Mej\u00eda Castillo ser\u00e1n expuestos en la Funeraria Blandino, a partir de las 6:30 de la tarde de este martes, y ser\u00e1 sepultado este mi\u00e9rcoles.<\/p>\n","protected":false},"author":13,"featured_media":50431,"comment_status":"closed","ping_status":"closed","sticky":false,"template":"","format":"standard","meta":[],"categories":[2,60],"tags":[],"acf":[],"_links":{"self":[{"href":"https:\/\/colimdo.org\/wp-api\/wp\/v2\/posts\/50429"}],"collection":[{"href":"https:\/\/colimdo.org\/wp-api\/wp\/v2\/posts"}],"about":[{"href":"https:\/\/colimdo.org\/wp-api\/wp\/v2\/types\/post"}],"author":[{"embeddable":true,"href":"https:\/\/colimdo.org\/wp-api\/wp\/v2\/users\/13"}],"replies":[{"embeddable":true,"href":"https:\/\/colimdo.org\/wp-api\/wp\/v2\/comments?post=50429"}],"version-history":[{"count":1,"href":"https:\/\/colimdo.org\/wp-api\/wp\/v2\/posts\/50429\/revisions"}],"predecessor-version":[{"id":50433,"href":"https:\/\/colimdo.org\/wp-api\/wp\/v2\/posts\/50429\/revisions\/50433"}],"wp:featuredmedia":[{"embeddable":true,"href":"https:\/\/colimdo.org\/wp-api\/wp\/v2\/media\/50431"}],"wp:attachment":[{"href":"https:\/\/colimdo.org\/wp-api\/wp\/v2\/media?parent=50429"}],"wp:term":[{"taxonomy":"category","embeddable":true,"href":"https:\/\/colimdo.org\/wp-api\/wp\/v2\/categories?post=50429"},{"taxonomy":"post_tag","embeddable":true,"href":"https:\/\/colimdo.org\/wp-api\/wp\/v2\/tags?post=50429"}],"curies":[{"name":"wp","href":"https:\/\/api.w.org\/{rel}","templated":true}]}}