{"id":50449,"date":"2019-03-20T04:22:16","date_gmt":"2019-03-20T04:22:16","guid":{"rendered":"https:\/\/colimdo.org\/?p=50449"},"modified":"2019-03-20T04:22:34","modified_gmt":"2019-03-20T04:22:34","slug":"panam-lima-2019-tendran-una-audiencia-potencial-de-400-millones-espectadores","status":"publish","type":"post","link":"https:\/\/colimdo.org\/noticias\/panam-lima-2019-tendran-una-audiencia-potencial-de-400-millones-espectadores\/","title":{"rendered":"Panam Lima 2019 tendr\u00e1n una audiencia potencial de 400 millones espectadores"},"content":{"rendered":"<p><strong>EFE.<\/strong> Los Juegos Panamericanos de Lima 2019, que reunir\u00e1n a m\u00e1s de 6,600 deportistas de 41 pa\u00edses entre el 24 de julio y el 11 de agosto, tendr\u00e1n una audiencia potencial de televisi\u00f3n de 400 millones de espectadores en el mundo, seg\u00fan afirm\u00f3 el martes, el director del comit\u00e9 organizador, Carlos Neuhaus.<\/p>\n<p>Durante la firma de un convenio para tener a nivel nacional un canal de televisi\u00f3n por cable dedicado exclusivamente a los Juegos, Neuhaus destac\u00f3 que la productora espa\u00f1ola Mediapro ofrecer\u00e1 m\u00e1s de 900 horas de transmisi\u00f3n televisiva desde la inauguraci\u00f3n hasta la clausura del certamen.<\/p>\n<p>&#8220;Es una oportunidad \u00fanica de visibilizar al pa\u00eds no solo como un pa\u00eds hospitalario y amigable, sino como un pa\u00eds que ya est\u00e1 a otro nivel en materia de organizaci\u00f3n de competencias polideportivas como esta&#8221;, dijo a EFE el gerente de Comunicaciones Comercial y Mercadotecnia de Lima 2019, Juan Antonio Silva.<\/p>\n<p>Aunque Silva declin\u00f3 indicar cu\u00e1ntos canales han adquirido los derechos de los Juegos Panamericanos en el continente, garantiz\u00f3 que por cada pa\u00eds habr\u00e1 al menos uno que emita la se\u00f1al del acontecimiento.<\/p>\n<p>En el caso de Per\u00fa, la se\u00f1al se emitir\u00e1 por se\u00f1al abierta a trav\u00e9s del canal Latina y por cable mediante uno exclusivo de la plataforma de Movistar dedicado las veinticuatro horas del d\u00eda a emitir las competencias. El gerente general de Telef\u00f3nica Media Networks en Per\u00fa, Alfredo Arosemena, explic\u00f3 a EFE que el canal Lima 2019 emitir\u00e1 todo lo que suceda en los Juegos.<\/p>\n<p>El convenio, que &#8216;tiene un precio&#8217;, se dio tras una invitaci\u00f3n del comit\u00e9 organizador a los operadores de cable despu\u00e9s de una licitaci\u00f3n que qued\u00f3 desierta, seg\u00fan Arosemena.<\/p>\n<p>&#8220;La propuesta que nosotros hicimos tiene un valor econ\u00f3mico, pero pon\u00eda mucho peso sobre la difusi\u00f3n de los Juegos, de los deportistas y del legado que se est\u00e1 dejando, a trav\u00e9s de programas especiales&#8221;, agreg\u00f3. El canal tendr\u00e1 un informativo llamado &#8216;Central Lima 2019&#8217; y tambi\u00e9n un programa titulado &#8216;Campeones Lima 2019&#8217;, que narrar\u00e1 la preparaci\u00f3n de los deportistas peruanos para competir en estos Juegos. &#8220;Ser\u00e1n m\u00e1s de 200 horas de programaci\u00f3n original que vamos a estar transmitiendo. Es un esfuerzo notable para la difusi\u00f3n del acontecimiento&#8221;, apunt\u00f3 Arosemena.<\/p>\n<p>El comit\u00e9 organizador de los Panamericanos tambi\u00e9n tiene tambi\u00e9n previsto ceder los derechos al canal estatal TV Per\u00fa para llegar al 92 % de la poblaci\u00f3n nacional.<\/p>\n<p>Lima 2019 concentrar\u00e1 en diecisiete d\u00edas las competencias de 62 disciplinas de 39 deportes diferentes, y de ellas 23 ser\u00e1n clasificatorias para los Juegos Ol\u00edmpicos de Tokio 2020.<\/p>\n","protected":false},"excerpt":{"rendered":"<p>Este martes se firm\u00f3 un convenio para tener a nivel nacional un canal de televisi\u00f3n por cable dedicado exclusivamente a los Juegos con m\u00e1s de 900 horas de transmisi\u00f3n.<\/p>\n","protected":false},"author":13,"featured_media":50450,"comment_status":"closed","ping_status":"closed","sticky":false,"template":"","format":"standard","meta":[],"categories":[2],"tags":[],"acf":[],"_links":{"self":[{"href":"https:\/\/colimdo.org\/wp-api\/wp\/v2\/posts\/50449"}],"collection":[{"href":"https:\/\/colimdo.org\/wp-api\/wp\/v2\/posts"}],"about":[{"href":"https:\/\/colimdo.org\/wp-api\/wp\/v2\/types\/post"}],"author":[{"embeddable":true,"href":"https:\/\/colimdo.org\/wp-api\/wp\/v2\/users\/13"}],"replies":[{"embeddable":true,"href":"https:\/\/colimdo.org\/wp-api\/wp\/v2\/comments?post=50449"}],"version-history":[{"count":1,"href":"https:\/\/colimdo.org\/wp-api\/wp\/v2\/posts\/50449\/revisions"}],"predecessor-version":[{"id":50451,"href":"https:\/\/colimdo.org\/wp-api\/wp\/v2\/posts\/50449\/revisions\/50451"}],"wp:featuredmedia":[{"embeddable":true,"href":"https:\/\/colimdo.org\/wp-api\/wp\/v2\/media\/50450"}],"wp:attachment":[{"href":"https:\/\/colimdo.org\/wp-api\/wp\/v2\/media?parent=50449"}],"wp:term":[{"taxonomy":"category","embeddable":true,"href":"https:\/\/colimdo.org\/wp-api\/wp\/v2\/categories?post=50449"},{"taxonomy":"post_tag","embeddable":true,"href":"https:\/\/colimdo.org\/wp-api\/wp\/v2\/tags?post=50449"}],"curies":[{"name":"wp","href":"https:\/\/api.w.org\/{rel}","templated":true}]}}