{"id":50458,"date":"2019-03-20T14:28:59","date_gmt":"2019-03-20T14:28:59","guid":{"rendered":"https:\/\/colimdo.org\/?p=50458"},"modified":"2019-03-20T14:28:59","modified_gmt":"2019-03-20T14:28:59","slug":"el-mundo-del-ciclismo-llora-la-muerte-de-un-corredor-de-19-anos","status":"publish","type":"post","link":"https:\/\/colimdo.org\/noticias\/el-mundo-del-ciclismo-llora-la-muerte-de-un-corredor-de-19-anos\/","title":{"rendered":"El mundo del ciclismo llora la muerte de un corredor de 19 a\u00f1os"},"content":{"rendered":"<p class=\"canvas-atom canvas-text Mb(1.0em) Mb(0)--sm Mt(0.8em)--sm\">Yahoo. El mundo del ciclismo ha expresado su dolor por la muerte de Stefan Loos, de 19 a\u00f1os, en el Gran Premio\u00a0Alfred Gadenne celebrado en B\u00e9lgica.<\/p>\n<p class=\"canvas-atom canvas-text Mb(1.0em) Mb(0)--sm Mt(0.8em)--sm\">El joven muri\u00f3 en el hospital a causa de un severo trauma cerebral y lesiones internas tras ser embestido por una furgoneta despu\u00e9s de haber tomado un camino equivocado.<\/p>\n<p class=\"canvas-atom canvas-text Mb(1.0em) Mb(0)--sm Mt(0.8em)--sm\">La comunidad ciclista de B\u00e9lgica sufri\u00f3 una abrumadora p\u00e9rdida con el fallecimiento de Stef Loos. Los pensamientos de todos los integrantes de la RLVB est\u00e1n con su familia, amigos y compa\u00f1eros de equipo en estos momentos de tristeza.<\/p>\n<p class=\"canvas-atom canvas-text Mb(1.0em) Mb(0)--sm Mt(0.8em)--sm\">El accidente ocurri\u00f3 cuando, pasados 25 kil\u00f3metros de carrera, 30 corredores que circulaban por una recta giraron a la derecha fuera del recorrido, lo que significa que la carretera no estaba bien protegida por elementos de bloqueo.<\/p>\n<p class=\"canvas-atom canvas-text Mb(1.0em) Mb(0)--sm Mt(0.8em)--sm\">Loos fue atropellado cuando cruzaba una intersecci\u00f3n.<\/p>\n<p class=\"canvas-atom canvas-text Mb(1.0em) Mb(0)--sm Mt(0.8em)--sm\">Jef Roberts, presidente del equipo Acrog-Pauwels Sauzen-Balen donde corr\u00eda Loos, dijo: \u201cUna noticia muy tr\u00e1gica. Nuestro corredor Stef Loos, una promesa del equipo, sufri\u00f3 un grave accidente\u201d.<\/p>\n<p class=\"canvas-atom canvas-text Mb(1.0em) Mb(0)--sm Mt(0.8em)--sm\">\u201cUno de los hombres que se\u00f1alizan desvi\u00f3 incorrectamente a un grupo de tres corredores\u201d, a\u00f1adi\u00f3.<\/p>\n<p class=\"canvas-atom canvas-text Mb(1.0em) Mb(0)--sm Mt(0.8em)--sm\">\u201cEn un cruce que no estaba asegurado, fueron arrollados hacia la cuneta por una furgoneta\u201d.<\/p>\n<p class=\"canvas-atom canvas-text Mb(1.0em) Mb(0)--sm Mt(0.8em)--sm\">Roberts continuaba: \u201cStef ha estado con nosotros durante a\u00f1os y era muy popular\u201d.<\/p>\n<p class=\"canvas-atom canvas-text Mb(1.0em) Mb(0)--sm Mt(0.8em)--sm\">El ciclista de Deceuninck-Quick Step, Remco Evenepoel, dijo: \u201cDescansa en paz, mi amigo. A veces le ocurren cosas terribles a la gente equivocada\u201d.<\/p>\n<p class=\"canvas-atom canvas-text Mb(1.0em) Mb(0)--sm Mt(0.8em)--sm\">Ruben Apers, quien corre en el equipo sub-23 del Lotto-Soudal, tuvo que ser operado tras fracturarse el f\u00e9mur y la clav\u00edcula. Jonas Bresslers tambi\u00e9n necesit\u00f3 tratamiento por las lesiones sufridas en el choque.<\/p>\n<p class=\"canvas-atom canvas-text Mb(1.0em) Mb(0)--sm Mt(0.8em)--sm\" style=\"margin: 0px 0px 1em; color: #000000; font-family: Georgia, 'Times New Roman', serif; font-size: 18px; font-style: normal; font-variant-ligatures: normal; font-variant-caps: normal; font-weight: 400; letter-spacing: normal; orphans: 2; text-align: start; text-indent: 0px; text-transform: none; white-space: normal; widows: 2; word-spacing: 0px; -webkit-text-stroke-width: 0px; background-color: #ffffff; text-decoration-style: initial; text-decoration-color: initial;\">El diario belga\u00a0<em>Het Laatste Nieuws\u00a0<\/em>informa que la polic\u00eda ha abierto una investigaci\u00f3n para aclarar las circunstancias en las que se produjo el choque.<\/p>\n<p class=\"canvas-atom canvas-text Mb(1.0em) Mb(0)--sm Mt(0.8em)--sm\">Ocurri\u00f3 menos de una semana despu\u00e9s de que otro joven corredor falleciera en los Estados Unidos mientras se preparaba para una carrera en California.<\/p>\n<p class=\"canvas-atom canvas-text Mb(1.0em) Mb(0)--sm Mt(0.8em)--sm\">Tate Meintjes, de 19 a\u00f1os, estaba inspeccionando el recorrido de la carrera contrarreloj del Redlands Bicycle Classic cuando un coche hizo un giro en horquilla y no pudo esquivarlo.<\/p>\n","protected":false},"excerpt":{"rendered":"<p>El joven muri\u00f3 en el hospital a causa de un severo trauma cerebral y lesiones internas tras ser embestido por una furgoneta despu\u00e9s de haber tomado un camino equivocado.<\/p>\n","protected":false},"author":16,"featured_media":50459,"comment_status":"closed","ping_status":"closed","sticky":false,"template":"","format":"standard","meta":[],"categories":[2,60],"tags":[],"acf":[],"_links":{"self":[{"href":"https:\/\/colimdo.org\/wp-api\/wp\/v2\/posts\/50458"}],"collection":[{"href":"https:\/\/colimdo.org\/wp-api\/wp\/v2\/posts"}],"about":[{"href":"https:\/\/colimdo.org\/wp-api\/wp\/v2\/types\/post"}],"author":[{"embeddable":true,"href":"https:\/\/colimdo.org\/wp-api\/wp\/v2\/users\/16"}],"replies":[{"embeddable":true,"href":"https:\/\/colimdo.org\/wp-api\/wp\/v2\/comments?post=50458"}],"version-history":[{"count":1,"href":"https:\/\/colimdo.org\/wp-api\/wp\/v2\/posts\/50458\/revisions"}],"predecessor-version":[{"id":50460,"href":"https:\/\/colimdo.org\/wp-api\/wp\/v2\/posts\/50458\/revisions\/50460"}],"wp:featuredmedia":[{"embeddable":true,"href":"https:\/\/colimdo.org\/wp-api\/wp\/v2\/media\/50459"}],"wp:attachment":[{"href":"https:\/\/colimdo.org\/wp-api\/wp\/v2\/media?parent=50458"}],"wp:term":[{"taxonomy":"category","embeddable":true,"href":"https:\/\/colimdo.org\/wp-api\/wp\/v2\/categories?post=50458"},{"taxonomy":"post_tag","embeddable":true,"href":"https:\/\/colimdo.org\/wp-api\/wp\/v2\/tags?post=50458"}],"curies":[{"name":"wp","href":"https:\/\/api.w.org\/{rel}","templated":true}]}}