{"id":50464,"date":"2019-03-20T14:41:40","date_gmt":"2019-03-20T14:41:40","guid":{"rendered":"https:\/\/colimdo.org\/?p=50464"},"modified":"2019-03-20T14:41:49","modified_gmt":"2019-03-20T14:41:49","slug":"voluntariado-del-banco-central-entrega-una-casa-a-la-pesista-crismery-santana","status":"publish","type":"post","link":"https:\/\/colimdo.org\/noticias\/voluntariado-del-banco-central-entrega-una-casa-a-la-pesista-crismery-santana\/","title":{"rendered":"Voluntariado del Banco Central entrega\u00a0una casa a la pesista Crismery Santana"},"content":{"rendered":"<p class=\"x_m_3037384067249822699gmail-m_-6368202891787422291m_-7698860863647480033gmail-MsoNoSpacing\">SAN PEDRO DE MACOR\u00cdS. El Voluntariado Bancentraliano (VB), brazo social del Banco Central de la Rep\u00fablica Dominicana, entreg\u00f3 una casa nueva a la gran atleta petromacorisana Crismery Santana, quien recibi\u00f3 con alborozo frente a su nueva residencia las llaves de manos del gobernador del BCRD, licenciado H\u00e9ctor Valdez Albizu.<\/p>\n<p class=\"x_m_3037384067249822699gmail-m_-6368202891787422291m_-7698860863647480033gmail-MsoNoSpacing\">La deportista se hizo acreedora de esta gratificaci\u00f3n especial por haber obtenido dos medallas de oro en halterofilia durante los pasados Juegos Centroamericanos y del Caribe 2018 celebrados en Barranquilla, Colombia. Santana es nativa de Hato Mayor, pero reside en esta ciudad desde la adolescencia.<\/p>\n<p class=\"x_m_3037384067249822699gmail-m_-6368202891787422291m_-7698860863647480033gmail-MsoNoSpacing\">Recibi\u00f3 la noticia de la donaci\u00f3n de la casa el pasado mes de septiembre, durante el acto de inauguraci\u00f3n de los Juegos Interdepartamentales 2018 del BCRD, cuando Valdez Albizu anunci\u00f3 que el Banco Central, a trav\u00e9s del Voluntariado Bancentraliano, le har\u00eda entrega de una casa en reconocimiento a sus sacrificios y logros obtenidos.<\/p>\n<p class=\"x_m_3037384067249822699gmail-m_-6368202891787422291m_-7698860863647480033gmail-MsoNoSpacing\">Durante la entrega, Valdez Albizu expres\u00f3: \u201cHoy, a trav\u00e9s del Voluntariado, y con la presencia de autoridades del Banco Central y dirigentes deportivos, nos llena de alegr\u00eda honrar la promesa de dotar a Crismery de una vivienda digna, como bien lo merece por su excelente desempe\u00f1o deportivo y por ser una mujer de bien que aporta con su gran talento y su buen ejemplo al engrandecimiento de nuestra sociedad\u201d.<\/p>\n<p class=\"x_m_3037384067249822699gmail-m_-6368202891787422291m_-7698860863647480033gmail-MsoNoSpacing\">El gobernador dirigi\u00f3, adem\u00e1s, unas palabras de buenos deseos a Crismery Santana: \u201cEspero que esta vivienda sea mucho m\u00e1s que las paredes y el techo que la forman y represente tambi\u00e9n un hogar de paz, de inspiraci\u00f3n, desde el cual puedas seguir prepar\u00e1ndote para marcar hitos en el deporte nacional e internacional, que llenen de orgullo a todos los dominicanos que te admiramos\u201d.<\/p>\n<p class=\"x_m_3037384067249822699gmail-m_-6368202891787422291m_-7698860863647480033gmail-MsoNoSpacing\">Valdez Albizu agradeci\u00f3 a las personas y entidades involucradas en el noble gesto; como la Junta Monetaria; la Junta Directiva del Club de Empleados del Banco Central, en la persona de su presidenta Miriam Torres; al Voluntariado Bancentraliano, que preside Ervin Novas;\u00a0<span lang=\"ES-DO\">al departamento Administrativo del Banco Central, en las personas de su director, Bienvenido Contreras y especialmente del ingeniero Carmelo Moquete; y a todos los voluntarios que colaboraron para que Santana tenga su casa propia<\/span><\/p>\n<p class=\"x_m_3037384067249822699gmail-m_-6368202891787422291m_-7698860863647480033gmail-MsoNoSpacing\"><b><span lang=\"ES-DO\">Santana agradece<\/span><\/b><\/p>\n<p class=\"x_m_3037384067249822699gmail-m_-6368202891787422291m_-7698860863647480033gmail-MsoNoSpacing\">La campeona Crismery Santana dirigi\u00f3 unas palabras de gratitud al gobernador, H\u00e9ctor Valdez Albizu, para que las transmitiera a toda la instituci\u00f3n, resaltando que esta casa ser\u00e1 sin duda un gran incentivo para seguir cosechando \u00e9xitos con entrega y sacrificio, contando con la ayuda inestimable de su entrenador H\u00e9ctor Dom\u00ednguez, \u201cque tan importante ha sido en cada uno de mis logros\u201d.<\/p>\n<p class=\"x_m_3037384067249822699gmail-m_-6368202891787422291m_-7698860863647480033gmail-MsoNoSpacing\">Crismery se mostr\u00f3 muy ilusionada y prometi\u00f3 trabajar duro para seguir alcanzando triunfos para la Rep\u00fablica Dominicana. Estuvo acompa\u00f1ada por sus padres\u00a0 Manuel de Jes\u00fas Santana y C\u00e1ndida Rosa Peguero Reyna<\/p>\n<p class=\"x_m_3037384067249822699gmail-m_-6368202891787422291m_-7698860863647480033gmail-MsoNoSpacing\">Santana se hizo del oro primero en la prueba de arranque con 114 kilogramos, por delante de la venezolana Naryuri P\u00e9rez (113kg), que gan\u00f3 plata, con el bronce qued\u00f3 Mirufay Morillo (100 kg).<\/p>\n<p class=\"x_m_3037384067249822699gmail-m_-6368202891787422291m_-7698860863647480033gmail-MsoNoSpacing\">En la modalidad envi\u00f3n, Santana conquist\u00f3 el oro con 141 kg y P\u00e9rez qued\u00f3 con la plata (140 kg); el bronce fue para Keyshla Rodr\u00edguez (121), de Puerto Rico. En 2018,\u00a0\u00a0<span lang=\"ES-DO\">Santana gan\u00f3 medallas de plata y bronce en los Mundiales de Turmekist\u00e1n, gan\u00f3 el t\u00edtulo en el Campeonato Continental celebrado en Santo Domingo estableciendo r\u00e9cord de Am\u00e9rica e hizo lo propio en los Juegos Centroamericanos y del Caribe de Barranquilla, Colombia, tambi\u00e9n estableciendo marcas del certamen.<\/span><\/p>\n<p class=\"x_m_3037384067249822699gmail-m_-6368202891787422291m_-7698860863647480033gmail-MsoNoSpacing\">Estuvieron presentes junto al gobernador, el gerente del Banco Central y presidente del Voluntariado Bancentraliano, Ervin Novas Bello; el asesor de la Gobernaci\u00f3n, vicealmirante Edwin Dominici; funcionarios, ejecutivos, miembros de la Junta Directiva del Club de Empleados Banco Central.<\/p>\n<p class=\"x_m_3037384067249822699gmail-m_-6368202891787422291m_-7698860863647480033gmail-MsoNoSpacing\">Tambi\u00e9n acudieron al acto de entrega el licenciado William Ozuna, presidente de la Federaci\u00f3n Dominicana de Levantamiento de Pesas; el doctor Bol\u00edvar Vargas, secretario general; el tesorero de Fedompesas y presidente de la Uni\u00f3n Deportiva de San Pedro de Macor\u00eds.<\/p>\n<p class=\"x_m_3037384067249822699gmail-m_-6368202891787422291m_-7698860863647480033gmail-MsoNoSpacing\">Durante la actividad se destac\u00f3 la labor realizada por los arquitectos, ingenieros y t\u00e9cnicos que trabajaron en la construcci\u00f3n de la casa, se\u00f1alando a Carmelo Moquete, Jorge Luis Acosta, Rosa Mar\u00eda Imbert y Andr\u00e9s Acosta.<\/p>\n","protected":false},"excerpt":{"rendered":"<p>En una ceremonia encabezada por el gobernador H\u00e9ctor Valdez Albizu, la atleta petromacorisana recibi\u00f3 de sus manos las llaves y, seguidamente, la deportista ofreci\u00f3 la primera visita a su nuevo hogar<\/p>\n","protected":false},"author":16,"featured_media":50465,"comment_status":"closed","ping_status":"closed","sticky":false,"template":"","format":"standard","meta":[],"categories":[2,60],"tags":[],"acf":[],"_links":{"self":[{"href":"https:\/\/colimdo.org\/wp-api\/wp\/v2\/posts\/50464"}],"collection":[{"href":"https:\/\/colimdo.org\/wp-api\/wp\/v2\/posts"}],"about":[{"href":"https:\/\/colimdo.org\/wp-api\/wp\/v2\/types\/post"}],"author":[{"embeddable":true,"href":"https:\/\/colimdo.org\/wp-api\/wp\/v2\/users\/16"}],"replies":[{"embeddable":true,"href":"https:\/\/colimdo.org\/wp-api\/wp\/v2\/comments?post=50464"}],"version-history":[{"count":2,"href":"https:\/\/colimdo.org\/wp-api\/wp\/v2\/posts\/50464\/revisions"}],"predecessor-version":[{"id":50467,"href":"https:\/\/colimdo.org\/wp-api\/wp\/v2\/posts\/50464\/revisions\/50467"}],"wp:featuredmedia":[{"embeddable":true,"href":"https:\/\/colimdo.org\/wp-api\/wp\/v2\/media\/50465"}],"wp:attachment":[{"href":"https:\/\/colimdo.org\/wp-api\/wp\/v2\/media?parent=50464"}],"wp:term":[{"taxonomy":"category","embeddable":true,"href":"https:\/\/colimdo.org\/wp-api\/wp\/v2\/categories?post=50464"},{"taxonomy":"post_tag","embeddable":true,"href":"https:\/\/colimdo.org\/wp-api\/wp\/v2\/tags?post=50464"}],"curies":[{"name":"wp","href":"https:\/\/api.w.org\/{rel}","templated":true}]}}