{"id":50481,"date":"2019-03-20T23:36:37","date_gmt":"2019-03-20T23:36:37","guid":{"rendered":"https:\/\/colimdo.org\/?p=50481"},"modified":"2019-03-20T23:36:37","modified_gmt":"2019-03-20T23:36:37","slug":"inauguran-este-jueves-la-copa-universitaria-claro-de-futbol","status":"publish","type":"post","link":"https:\/\/colimdo.org\/noticias\/inauguran-este-jueves-la-copa-universitaria-claro-de-futbol\/","title":{"rendered":"Inauguran este jueves la Copa Universitaria Claro de F\u00fatbol"},"content":{"rendered":"<p style=\"font-weight: 400;\"><strong>SANTIAGO<\/strong>. -La Copa Universitaria Claro de F\u00fatbol 2018-2019 ser\u00e1 inaugurada este jueves en la cancha de la Universidad ISA, de esta ciudad.\u00a0 En el evento participar\u00e1n 450 atletas, repartidos en 25 equipos, 17 en la rama masculina y 8 en la femenina, en representaci\u00f3n de 17 universidades de todo el pa\u00eds.<\/p>\n<p style=\"font-weight: 400;\">En el partido inaugural, los anfitriones de ISA se medir\u00e1n al equipo de Universidad Tecnol\u00f3gica de Cotu\u00ed, comenzando a las 4:30 de la tarde, en la rama masculina.<\/p>\n<p style=\"font-weight: 400;\">En otros encuentros de la fecha de apertura del certamen, en el estadio Cibao, el conjunto de la Pontificia Universidad Madre y Maestra (PUCMM) se enfrentar\u00e1 a las 8:30 p.m. al seleccionado de la Universidad\u00a0Cat\u00f3lica Tecnol\u00f3gica del Cibao (UCATECI), tambi\u00e9n la rama masculina y en la rama femenina,\u00a0iniciando a las 9:30 de la noche, el combinado de la PUCMM jugar\u00e1 contra el equipo de la\u00a0Universidad Tecnolog\u00eda de Santiago (UTESA).<\/p>\n<p style=\"font-weight: 400;\">La justa est\u00e1 programada para concluir el d\u00eda 10 del pr\u00f3ximo mes de abril.<\/p>\n<p style=\"font-weight: 400;\">La Copa Universitaria Claro es organizada por la Comisi\u00f3n Nacional de Deporte Universitario (CNDU) y el Ministerio de Deportes, y cuenta con el patrocinio de Samsung.<\/p>\n<p style=\"font-weight: 400;\">En el certamen tambi\u00e9n se compite en las disciplinas de Futsal, Baloncesto, voleibol, voleibol de playa y boliche.<\/p>\n<p style=\"font-weight: 400;\">La Copa Universitaria Claro, que se inici\u00f3 el 11 de octubre del pasado a\u00f1o y se extender\u00e1 hasta mayo de 2019, cuenta la participaci\u00f3n de m\u00e1s de 3,000 j\u00f3venes del pa\u00eds, que competir\u00e1n en siete disciplinas y 13 torneos.<\/p>\n<p style=\"font-weight: 400;\">En cada evento, los equipos ocupantes de los 3 primeros lugares recibir\u00e1n trofeos y medallas, as\u00ed como premios en met\u00e1licos de 200 mil, 100 mil y 50 mil pesos, respectivamente.<\/p>\n<p style=\"font-weight: 400;\">Los centros de estudios que competir\u00e1n en la Copa Universitaria Claro de F\u00fatbol 2018-2019 son,\u00a0Universidad Aut\u00f3noma de Santo Domingo (UASD), Universidad Tecnolog\u00eda de Santiago (UTESA), Universidad Nacional Pedro Henr\u00edquez Ure\u00f1a (UNPHU), Universidad Cat\u00f3lica Nordestana (UCNE), Universidad Central del Este (UCE) y Universidad Iberoamericana (UNIBE).<\/p>\n<p style=\"font-weight: 400;\">Tambi\u00e9n, Universidad de Organizaciones y m\u00e9todos (O &amp; M), Pontificia Universidad Cat\u00f3lica Madre y Maestra (PCMM), Universidad Cat\u00f3lica de Santo Domingo (UCSD), Instituto Superior Comunitario (ITSC) y Universidad del Caribe (UNICARIBE), Universidad APEC (UNAPEC).<\/p>\n<p style=\"font-weight: 400;\">Adem\u00e1s, Instituto Tecnol\u00f3gico de las Am\u00e9ricas (ITLA), Universidad Cat\u00f3lica Tecnol\u00f3gica del Cibao (UCATECI), Instituto Superior Agrario (ISA),\u00a0Instituto Especializado de Estudios Superiores Loyola (IEESL) y Universidad Cat\u00f3lica tecnol\u00f3gica de Cotu\u00ed (UTECO).<\/p>\n","protected":false},"excerpt":{"rendered":"<p>SANTIAGO. -La Copa Universitaria Claro de F\u00fatbol 2018-2019 ser\u00e1 inaugurada este jueves en la cancha de la Universidad ISA, de esta ciudad.\u00a0 En el evento participar\u00e1n 450 atletas, repartidos en 25 equipos, 17 en la rama masculina y 8 en la femenina, en representaci\u00f3n de 17 universidades de todo el pa\u00eds. En el partido inaugural, [&hellip;]<\/p>\n","protected":false},"author":9,"featured_media":50482,"comment_status":"closed","ping_status":"closed","sticky":false,"template":"","format":"standard","meta":[],"categories":[2,60],"tags":[],"acf":[],"_links":{"self":[{"href":"https:\/\/colimdo.org\/wp-api\/wp\/v2\/posts\/50481"}],"collection":[{"href":"https:\/\/colimdo.org\/wp-api\/wp\/v2\/posts"}],"about":[{"href":"https:\/\/colimdo.org\/wp-api\/wp\/v2\/types\/post"}],"author":[{"embeddable":true,"href":"https:\/\/colimdo.org\/wp-api\/wp\/v2\/users\/9"}],"replies":[{"embeddable":true,"href":"https:\/\/colimdo.org\/wp-api\/wp\/v2\/comments?post=50481"}],"version-history":[{"count":1,"href":"https:\/\/colimdo.org\/wp-api\/wp\/v2\/posts\/50481\/revisions"}],"predecessor-version":[{"id":50483,"href":"https:\/\/colimdo.org\/wp-api\/wp\/v2\/posts\/50481\/revisions\/50483"}],"wp:featuredmedia":[{"embeddable":true,"href":"https:\/\/colimdo.org\/wp-api\/wp\/v2\/media\/50482"}],"wp:attachment":[{"href":"https:\/\/colimdo.org\/wp-api\/wp\/v2\/media?parent=50481"}],"wp:term":[{"taxonomy":"category","embeddable":true,"href":"https:\/\/colimdo.org\/wp-api\/wp\/v2\/categories?post=50481"},{"taxonomy":"post_tag","embeddable":true,"href":"https:\/\/colimdo.org\/wp-api\/wp\/v2\/tags?post=50481"}],"curies":[{"name":"wp","href":"https:\/\/api.w.org\/{rel}","templated":true}]}}