{"id":50504,"date":"2019-03-21T12:58:53","date_gmt":"2019-03-21T12:58:53","guid":{"rendered":"https:\/\/colimdo.org\/?p=50504"},"modified":"2019-03-21T12:58:53","modified_gmt":"2019-03-21T12:58:53","slug":"croacia-rusia-estrenara-la-pista-central-en-las-finales-de-la-copa-davis","status":"publish","type":"post","link":"https:\/\/colimdo.org\/noticias\/croacia-rusia-estrenara-la-pista-central-en-las-finales-de-la-copa-davis\/","title":{"rendered":"Croacia-Rusia estrenar\u00e1 la Pista Central en las Finales de la Copa Davis"},"content":{"rendered":"<p class=\"canvas-atom canvas-text Mb(1.0em) Mb(0)--sm Mt(0.8em)--sm\">Madrid, 21 mar (EFE).- El enfrentamiento Croacia-Rusia estrenar\u00e1, el 18 de noviembre pr\u00f3ximo, la fase de grupos de las Finales de la Copa Davis, de acuerdo con el calendario anunciado este jueves por la empresa organizadora y la Federaci\u00f3n Internacional de Tenis (ITF).<\/p>\n<p class=\"canvas-atom canvas-text Mb(1.0em) Mb(0)--sm Mt(0.8em)--sm\">Los duelos Canad\u00e1-Italia y B\u00e9lgica-Colombia tambi\u00e9n se disputar\u00e1n ese lunes, primer d\u00eda de este evento que se desarrollara del 18 al 24 de noviembre en la Caja M\u00e1gica de Madrid. De esta fase de grupos saldr\u00e1n los cruces para cuartos de final.<\/p>\n<p class=\"canvas-atom canvas-text Mb(1.0em) Mb(0)--sm Mt(0.8em)--sm\">La fase de grupos dar\u00e1 inicio el lunes por la tarde y se disputar\u00e1 hasta el jueves al mediod\u00eda. El jueves por la tarde quedar\u00e1 reservado para la disputa de uno de los cuartos de final mientras que los otros tres se disputan el viernes, seguidos de las semifinales el s\u00e1bado y la gran final el domingo 24 de noviembre. Todos los cruces se disputan al mejor de tres partidos, con dos individuales y un dobles.<\/p>\n<p class=\"canvas-atom canvas-text Mb(1.0em) Mb(0)--sm Mt(0.8em)--sm\">El Croacia-Rusia, del Grupo B, ser\u00e1 el enfrentamiento que estrene la Pista Central. En este grupo figura tambi\u00e9n el de Espa\u00f1a, que debutar\u00e1 el martes 19 por la tarde, tambi\u00e9n en Pista Central, frente a Rusia. El duelo llegar\u00e1 horas despu\u00e9s del Argentina-Chile.<\/p>\n<p class=\"canvas-atom canvas-text Mb(1.0em) Mb(0)--sm Mt(0.8em)--sm\">Francia, cabeza de serie n\u00famero 1 de la competici\u00f3n, debutar\u00e1 tambi\u00e9n el martes, en jornada matinal, frente a Jap\u00f3n. Este segundo d\u00eda de competici\u00f3n contar\u00e1 con otro m\u00e1s interesante duelo entre Estados Unidos y Canad\u00e1.<\/p>\n<p class=\"canvas-atom canvas-text Mb(1.0em) Mb(0)--sm Mt(0.8em)--sm\">Un total de 18 equipos toman parte en la fase de grupos de las Finales de la Copa Davis distribuidos en seis grupos de tres equipos cada uno. Los mejores de cada grupo y los dos mejores segundos se clasifican para los cuartos de final.<\/p>\n<p class=\"canvas-atom canvas-text Mb(1.0em) Mb(0)--sm Mt(0.8em)--sm\">Los dos equipos con peores resultados en la fase de grupos descienden a su grupo zonal la siguiente temporada; mientras que los 12 equipos que finalicen desde la 5\u00aa hasta la 16\u00aa posici\u00f3n competir\u00e1n en la fase de clasificaci\u00f3n o &#8216;Qualifiers&#8217; de febrero de 2020. Los cuatro semifinalistas obtienen su paso directo a las Finales de 2020 que tambi\u00e9n se disputar\u00e1n en Madrid.<\/p>\n","protected":false},"excerpt":{"rendered":"<p>Los duelos Canad\u00e1-Italia y B\u00e9lgica-Colombia tambi\u00e9n se disputar\u00e1n ese lunes, primer d\u00eda de este evento que se desarrollara del 18 al 24 de noviembre en la Caja M\u00e1gica de Madrid. De esta fase de grupos saldr\u00e1n los cruces para cuartos de final.<\/p>\n","protected":false},"author":16,"featured_media":50505,"comment_status":"closed","ping_status":"closed","sticky":false,"template":"","format":"standard","meta":[],"categories":[2,60],"tags":[],"acf":[],"_links":{"self":[{"href":"https:\/\/colimdo.org\/wp-api\/wp\/v2\/posts\/50504"}],"collection":[{"href":"https:\/\/colimdo.org\/wp-api\/wp\/v2\/posts"}],"about":[{"href":"https:\/\/colimdo.org\/wp-api\/wp\/v2\/types\/post"}],"author":[{"embeddable":true,"href":"https:\/\/colimdo.org\/wp-api\/wp\/v2\/users\/16"}],"replies":[{"embeddable":true,"href":"https:\/\/colimdo.org\/wp-api\/wp\/v2\/comments?post=50504"}],"version-history":[{"count":1,"href":"https:\/\/colimdo.org\/wp-api\/wp\/v2\/posts\/50504\/revisions"}],"predecessor-version":[{"id":50506,"href":"https:\/\/colimdo.org\/wp-api\/wp\/v2\/posts\/50504\/revisions\/50506"}],"wp:featuredmedia":[{"embeddable":true,"href":"https:\/\/colimdo.org\/wp-api\/wp\/v2\/media\/50505"}],"wp:attachment":[{"href":"https:\/\/colimdo.org\/wp-api\/wp\/v2\/media?parent=50504"}],"wp:term":[{"taxonomy":"category","embeddable":true,"href":"https:\/\/colimdo.org\/wp-api\/wp\/v2\/categories?post=50504"},{"taxonomy":"post_tag","embeddable":true,"href":"https:\/\/colimdo.org\/wp-api\/wp\/v2\/tags?post=50504"}],"curies":[{"name":"wp","href":"https:\/\/api.w.org\/{rel}","templated":true}]}}