{"id":50518,"date":"2019-03-21T17:24:40","date_gmt":"2019-03-21T17:24:40","guid":{"rendered":"https:\/\/colimdo.org\/?p=50518"},"modified":"2019-03-21T17:24:40","modified_gmt":"2019-03-21T17:24:40","slug":"celebraran-este-viernes-primer-encuentro-mujeres-lideres-del-atletismo","status":"publish","type":"post","link":"https:\/\/colimdo.org\/noticias\/celebraran-este-viernes-primer-encuentro-mujeres-lideres-del-atletismo\/","title":{"rendered":"Celebrar\u00e1n este viernes primer encuentro Mujeres L\u00edderes del Atletismo"},"content":{"rendered":"<p class=\"x_MsoNormal\"><b>SANTO DOMINGO<\/b>. La Federaci\u00f3n Dominicana de Asociaciones de Atletismo (FDAA) celebrar\u00e1 este viernes su primer encuentro de Mujeres L\u00edderes del Atletismo de Rep\u00fablica Dominicana (MULAR).<\/p>\n<p class=\"x_MsoNormal\">La actividad se efectuar\u00e1 en el sal\u00f3n James Rodr\u00edguez, del Ministerio de Deportes, a partir de las 10:00 de la ma\u00f1ana.<\/p>\n<p class=\"x_MsoNormal\">Ser\u00e1 presidido por la presidente del MULAR, C\u00e1ndida Asencio, quien tambi\u00e9n es miembro Comit\u00e9 Ejecutivo de la FDAA y presidenta de la Asociaci\u00f3n de Atletismo de San Crist\u00f3bal.<\/p>\n<p class=\"x_MsoNormal\">Gerardo Suero Correa, presidente de la Federaci\u00f3n de Atletismo, inform\u00f3 que est\u00e1n invitadas las autoridades deportivas del pa\u00eds, en las personas del ministro de Deportes y del Presidente del Comit\u00e9 Ol\u00edmpico Dominicanos, licenciados Danilo D\u00edaz y Luis\u00edn Mej\u00eda. Adem\u00e1s, la ministra de la Mujer, Janet Camilo.<\/p>\n<p class=\"x_MsoNormal\">Durante el acto de apertura hablar\u00e1n Suero Correa, Asencio, quien tocar\u00e1 el tema sobre la coordinaci\u00f3n nacional del MULAR; mientras que D\u00edaz y Mej\u00eda ofrecer\u00e1n palabras de motivaci\u00f3n. Carmen Cecilia Suero, miembro de la MULAR, dir\u00e1 las palabras de agradecimiento.<\/p>\n<p class=\"x_MsoNormal\">Suero Correa indic\u00f3 que se espera la participaci\u00f3n de 50 mujeres presidentas y miembros de los Comit\u00e9 Ejecutivos de las asociaciones provinciales de todo el pa\u00eds al evento que contar\u00e1 con el apoyo del Ministerio de Deportes.<\/p>\n<p class=\"x_MsoNormal\">Expres\u00f3 que al iniciar los trabajos de la comisi\u00f3n de Mujeres L\u00edderes del Atletismo, la FDAA cumple con el mandato de la Federaci\u00f3n Internacional de Atletismo (IAAF) y de la Confederaci\u00f3n Norte, Centroamericana y del Caribe (NACAC).<\/p>\n","protected":false},"excerpt":{"rendered":"<p>El encuentro Iniciar\u00e1 a las 10:00 en Sal\u00f3n James Rodr\u00edguez del Ministerio de Deportes.<\/p>\n","protected":false},"author":16,"featured_media":50519,"comment_status":"closed","ping_status":"closed","sticky":false,"template":"","format":"standard","meta":[],"categories":[2,60],"tags":[],"acf":[],"_links":{"self":[{"href":"https:\/\/colimdo.org\/wp-api\/wp\/v2\/posts\/50518"}],"collection":[{"href":"https:\/\/colimdo.org\/wp-api\/wp\/v2\/posts"}],"about":[{"href":"https:\/\/colimdo.org\/wp-api\/wp\/v2\/types\/post"}],"author":[{"embeddable":true,"href":"https:\/\/colimdo.org\/wp-api\/wp\/v2\/users\/16"}],"replies":[{"embeddable":true,"href":"https:\/\/colimdo.org\/wp-api\/wp\/v2\/comments?post=50518"}],"version-history":[{"count":1,"href":"https:\/\/colimdo.org\/wp-api\/wp\/v2\/posts\/50518\/revisions"}],"predecessor-version":[{"id":50520,"href":"https:\/\/colimdo.org\/wp-api\/wp\/v2\/posts\/50518\/revisions\/50520"}],"wp:featuredmedia":[{"embeddable":true,"href":"https:\/\/colimdo.org\/wp-api\/wp\/v2\/media\/50519"}],"wp:attachment":[{"href":"https:\/\/colimdo.org\/wp-api\/wp\/v2\/media?parent=50518"}],"wp:term":[{"taxonomy":"category","embeddable":true,"href":"https:\/\/colimdo.org\/wp-api\/wp\/v2\/categories?post=50518"},{"taxonomy":"post_tag","embeddable":true,"href":"https:\/\/colimdo.org\/wp-api\/wp\/v2\/tags?post=50518"}],"curies":[{"name":"wp","href":"https:\/\/api.w.org\/{rel}","templated":true}]}}