{"id":50521,"date":"2019-03-21T18:06:20","date_gmt":"2019-03-21T18:06:20","guid":{"rendered":"https:\/\/colimdo.org\/?p=50521"},"modified":"2019-03-21T18:06:20","modified_gmt":"2019-03-21T18:06:20","slug":"comision-mujer-y-deportes-del-cod-anuncia-inicio-ciclo-de-charlas","status":"publish","type":"post","link":"https:\/\/colimdo.org\/noticias\/comision-mujer-y-deportes-del-cod-anuncia-inicio-ciclo-de-charlas\/","title":{"rendered":"Comisi\u00f3n Mujer y Deportes del COD anuncia inicio ciclo de charlas"},"content":{"rendered":"<p class=\"x_ydpf20f2a29MsoNormal\"><span lang=\"ES-TRAD\">SANTO DOMINGO.- La Comisi\u00f3n Mujer y Deportes del Comit\u00e9 Ol\u00edmpico Dominicano (COD) iniciar\u00e1 un ciclo de charlas por todo el pa\u00eds y en el exterior, a partir de este viernes, 22 de marzo.<\/span><\/p>\n<p class=\"x_ydpf20f2a29MsoNormal\"><span lang=\"ES-TRAD\">Las charlas comenzar\u00e1n desde este viernes, 22 de marzo con presentaciones en Nueva York y las ciudades de San Pedro de Macor\u00eds y El Seibo respectivamente.<\/span><\/p>\n<p class=\"x_ydpf20f2a29MsoNormal\"><span lang=\"ES-TRAD\">Las ponencias ser\u00e1n presentadas por la inmortal del deporte dominicano Dulce Mar\u00eda Pi\u00f1a, presidenta de la Comisi\u00f3n Mujer y Deportes del COD y la ex atleta Ana Montilla, miembro de dicha comisi\u00f3n.<\/span><\/p>\n<p class=\"x_ydpf20f2a29MsoNormal\"><span lang=\"ES-TRAD\">Montilla viajar\u00e1 este viernes a San Pedro de Macor\u00eds y en coordinaci\u00f3n con la Uni\u00f3n Deportiva de esta provincia tendr\u00e1 dos ponencias sobre el tema \u201cIntegraci\u00f3n de la Mujer al Deporte: Mitos y Tab\u00faes\u201d.<\/span><\/p>\n<p class=\"x_ydpf20f2a29MsoNormal\"><span lang=\"ES-TRAD\">Una iniciar\u00e1 a las 11:00 de la ma\u00f1ana, en el liceo Alberto Batlle, y la obra ser\u00e1 a las 2:00 de la tarde en el liceo Gast\u00f3n Fern\u00e1ndez Deligne.<\/span><\/p>\n<p class=\"x_ydpf20f2a29MsoNormal\"><span lang=\"ES-TRAD\">Montilla tambi\u00e9n visitar\u00e1 este s\u00e1bado El Seibo donde tendr\u00e1 una disertaci\u00f3n en el polit\u00e9cnico Sergio Augusto Beras sobre el tema \u201cIntegraci\u00f3n de la Mujer al Deporte: Mitos y Tab\u00faes\u201d. Esta charla es coordinada por la Uni\u00f3n Deportiva de la provincia de El Seibo.<\/span><\/p>\n<p class=\"x_ydpf20f2a29MsoNormal\"><span lang=\"ES-TRAD\">Mientras que Pi\u00f1a viajar\u00e1 a Nueva York desde este viernes a invitaci\u00f3n de la Uni\u00f3n Deportiva de esa ciudad que preside Jos\u00e9 Polanco, donde impartir\u00e1 dos charlas.\u00a0 Una de estas charlas versar\u00e1 sobre la integraci\u00f3n de la mujer a las actividades deportivas, dirigida a atletas y mujeres del deporte residente en esa urbe.<\/span><\/p>\n<p class=\"x_ydpf20f2a29MsoNormal\"><span lang=\"ES-TRAD\">Tambi\u00e9n desarrollar\u00e1 otra charla sobre el tema \u201cEmpoderamiento de la Mujer en el Deporte hacia una Agenda 2020\u201d, dirigida a las mujeres que est\u00e1n integradas a las actividades deportivas.<\/span><\/p>\n","protected":false},"excerpt":{"rendered":"<p>Las charlas comenzar\u00e1n desde este viernes, 22 de marzo con presentaciones en Nueva York y las ciudades de San Pedro de Macor\u00eds y El Seibo respectivamente.<\/p>\n","protected":false},"author":16,"featured_media":50523,"comment_status":"closed","ping_status":"closed","sticky":false,"template":"","format":"standard","meta":[],"categories":[2,60],"tags":[],"acf":[],"_links":{"self":[{"href":"https:\/\/colimdo.org\/wp-api\/wp\/v2\/posts\/50521"}],"collection":[{"href":"https:\/\/colimdo.org\/wp-api\/wp\/v2\/posts"}],"about":[{"href":"https:\/\/colimdo.org\/wp-api\/wp\/v2\/types\/post"}],"author":[{"embeddable":true,"href":"https:\/\/colimdo.org\/wp-api\/wp\/v2\/users\/16"}],"replies":[{"embeddable":true,"href":"https:\/\/colimdo.org\/wp-api\/wp\/v2\/comments?post=50521"}],"version-history":[{"count":1,"href":"https:\/\/colimdo.org\/wp-api\/wp\/v2\/posts\/50521\/revisions"}],"predecessor-version":[{"id":50525,"href":"https:\/\/colimdo.org\/wp-api\/wp\/v2\/posts\/50521\/revisions\/50525"}],"wp:featuredmedia":[{"embeddable":true,"href":"https:\/\/colimdo.org\/wp-api\/wp\/v2\/media\/50523"}],"wp:attachment":[{"href":"https:\/\/colimdo.org\/wp-api\/wp\/v2\/media?parent=50521"}],"wp:term":[{"taxonomy":"category","embeddable":true,"href":"https:\/\/colimdo.org\/wp-api\/wp\/v2\/categories?post=50521"},{"taxonomy":"post_tag","embeddable":true,"href":"https:\/\/colimdo.org\/wp-api\/wp\/v2\/tags?post=50521"}],"curies":[{"name":"wp","href":"https:\/\/api.w.org\/{rel}","templated":true}]}}