{"id":50522,"date":"2019-03-21T18:07:28","date_gmt":"2019-03-21T18:07:28","guid":{"rendered":"https:\/\/colimdo.org\/?p=50522"},"modified":"2019-03-21T18:09:31","modified_gmt":"2019-03-21T18:09:31","slug":"thomas-bach-expresa-condolencias-a-mejia-oviedo","status":"publish","type":"post","link":"https:\/\/colimdo.org\/noticias\/thomas-bach-expresa-condolencias-a-mejia-oviedo\/","title":{"rendered":"Thomas Bach expresa condolencias a Mej\u00eda Oviedo"},"content":{"rendered":"<p class=\"x_m_6526195320805566854ydp5dc35e49yiv7246736711ydpccc57206MsoNormal\"><span lang=\"ES-TRAD\">SANTO DOMINGO.- El presidente del Comit\u00e9 Ol\u00edmpico Internacional (COI) Thomas Bach, expres\u00f3 su m\u00e1s profundo pesar por el fallecimiento del padre del licenciado Luis Mej\u00eda Oviedo, se\u00f1or don Luis Mej\u00eda Castillo.<\/span><\/p>\n<p class=\"x_m_6526195320805566854ydp5dc35e49yiv7246736711ydpccc57206MsoNormal\"><span lang=\"ES-TRAD\">En su mensaje de condolencias enviado mediante carta este mi\u00e9rcoles, Bach le expresa que \u201cen nombre del Comit\u00e9 Ol\u00edmpico Internacional, me gustar\u00eda trasladarle mis m\u00e1s sincero p\u00e9same por el deceso de su padre.<\/span><\/p>\n<p class=\"x_m_6526195320805566854ydp5dc35e49yiv7246736711ydpccc57206MsoNormal\"><span lang=\"ES-TRAD\">El m\u00e1ximo dirigente ol\u00edmpico del mundo le manifiesta a Mej\u00eda Oviedo que \u201cnuestros pensamientos est\u00e1n con usted y su familia en este momento de gran tristeza\u201d.<\/span><\/p>\n<p class=\"x_m_6526195320805566854ydp5dc35e49yiv7246736711ydpccc57206MsoNormal\"><span lang=\"ES-TRAD\">\u201cLas palabras ofrecen escaso consuelo ante tales circunstancias, pero espero que la solidaridad de sus amigos de todo el mundo les ayude a sobrellevar el duelo\u201d, sigue diciendo Bach a Mej\u00eda Oviedo, quien tambi\u00e9n es miembro del COI.<\/span><\/p>\n<p class=\"x_m_6526195320805566854ydp5dc35e49yiv7246736711ydpccc57206MsoNormal\"><span lang=\"ES-TRAD\">Al concluir su misiva que firma de pu\u00f1o y letra, Bach le reitera su p\u00e9same a Mej\u00eda Oviedo, cuyo padre fue sepultado este mi\u00e9rcoles en una ceremonia celebrada en el cementerio Puerta del Cielo.<\/span><\/p>\n<p class=\"x_m_6526195320805566854ydp5dc35e49yiv7246736711ydpccc57206MsoNormal\"><span lang=\"ES-TRAD\">Decenas de personalidades de diferentes sectores de la vida nacional visitaron la funeraria Blandino de la Abraham Lincoln de esta capital, donde fueron velados los restos de Mej\u00eda Castillo, para expresar sus condolencias a Mej\u00eda Oviedo y sus familiares.<\/span><\/p>\n<p class=\"x_m_6526195320805566854ydp5dc35e49yiv7246736711ydpccc57206MsoNormal\"><span lang=\"ES-TRAD\">Mej\u00eda Oviedo falleci\u00f3 a los 91 a\u00f1os en la paz de su hogar, rodeados de sus familiares.<\/span><\/p>\n","protected":false},"excerpt":{"rendered":"<p>En su mensaje de condolencias enviado mediante carta este mi\u00e9rcoles, Bach le expresa que \u201cen nombre del Comit\u00e9 Ol\u00edmpico Internacional, me gustar\u00eda trasladarle mis m\u00e1s sincero p\u00e9same por el deceso de su padre.<\/p>\n","protected":false},"author":16,"featured_media":50527,"comment_status":"closed","ping_status":"closed","sticky":false,"template":"","format":"standard","meta":[],"categories":[2,60],"tags":[],"acf":[],"_links":{"self":[{"href":"https:\/\/colimdo.org\/wp-api\/wp\/v2\/posts\/50522"}],"collection":[{"href":"https:\/\/colimdo.org\/wp-api\/wp\/v2\/posts"}],"about":[{"href":"https:\/\/colimdo.org\/wp-api\/wp\/v2\/types\/post"}],"author":[{"embeddable":true,"href":"https:\/\/colimdo.org\/wp-api\/wp\/v2\/users\/16"}],"replies":[{"embeddable":true,"href":"https:\/\/colimdo.org\/wp-api\/wp\/v2\/comments?post=50522"}],"version-history":[{"count":1,"href":"https:\/\/colimdo.org\/wp-api\/wp\/v2\/posts\/50522\/revisions"}],"predecessor-version":[{"id":50526,"href":"https:\/\/colimdo.org\/wp-api\/wp\/v2\/posts\/50522\/revisions\/50526"}],"wp:featuredmedia":[{"embeddable":true,"href":"https:\/\/colimdo.org\/wp-api\/wp\/v2\/media\/50527"}],"wp:attachment":[{"href":"https:\/\/colimdo.org\/wp-api\/wp\/v2\/media?parent=50522"}],"wp:term":[{"taxonomy":"category","embeddable":true,"href":"https:\/\/colimdo.org\/wp-api\/wp\/v2\/categories?post=50522"},{"taxonomy":"post_tag","embeddable":true,"href":"https:\/\/colimdo.org\/wp-api\/wp\/v2\/tags?post=50522"}],"curies":[{"name":"wp","href":"https:\/\/api.w.org\/{rel}","templated":true}]}}