{"id":50528,"date":"2019-03-21T18:48:08","date_gmt":"2019-03-21T18:48:08","guid":{"rendered":"https:\/\/colimdo.org\/?p=50528"},"modified":"2019-03-21T18:48:19","modified_gmt":"2019-03-21T18:48:19","slug":"equipo-masculino-karate-clasifica-a-los-juegos-panamericanos-lima","status":"publish","type":"post","link":"https:\/\/colimdo.org\/noticias\/equipo-masculino-karate-clasifica-a-los-juegos-panamericanos-lima\/","title":{"rendered":"Equipo masculino karate clasifica a los Juegos Panamericanos Lima"},"content":{"rendered":"<p><strong>Panam\u00e1. (EFE).<\/strong>&#8211; M\u00e9xico, Brasil, Colombia, Costa Rica, Rep\u00fablica Dominicana, Nicaragua y Argentina clasificaron este mi\u00e9rcoles a sus equipos de karate en la modalidad kata a los Juegos Panamericanos de Lima durante la jornada inaugural del clasificatorio que se disputa en Panam\u00e1 hasta el pr\u00f3ximo s\u00e1bado.<\/p>\n<p>M\u00e9xico, Brasil y Colombia tendr\u00e1n en la cita de Lima a sus equipos masculinos y femeninos.<\/p>\n<p>Costa Rica y Rep\u00fablica Dominicana se quedaron con las otras plazas en masculino, en tanto que Argentina y Nicaragua tambi\u00e9n clasificaron a sus selecciones femeninas.<\/p>\n<p>Las plazas individuales de kata las obtuvieron hoy la mexicana Cinthia De La Rue y la canadienses Rita Ngo.<\/p>\n<p>&#8220;Esto es la mayor motivaci\u00f3n para m\u00ed y un gran compromiso&#8221;, dijo a Efe De La Rue.<\/p>\n<p>Tambi\u00e9n se clasificaron el paname\u00f1o H\u00e9ctor Cenci\u00f3n y el estadounidense Ariel Torres.<\/p>\n<p>En la especialidad de kumite se distribuyeron cupos en masculino desde -60 hasta +84 kilogramos, y en la femenina desde -50 hasta +68 kilogramos.<\/p>\n<p>En -50 kilogramos se clasificaron la brasile\u00f1a Jessica De Paula y la mexicana Alicia Hern\u00e1ndez.<\/p>\n<p>En -55 kilos avanzaron la paname\u00f1a Yaremis Borzelli y la canadiense Kathryn Campbell.<\/p>\n<p>La mexicana Xhunashi Caballero y la estadounidense Ashley Hill garantizaron su cupo en Lima 2019 en los -61 kilogramos.<\/p>\n<p>En -68 kilogramos se impusieron la dominicana Tanya Rodr\u00edguez y la colombiana Wendy Mosquera.<\/p>\n<p>La jamaiquina Jessica Cargill y la estadounidense Cirrus Lingl avanzaron como las mejores de -68 kilos.<\/p>\n<p>En el peso de +84 kilogramos se clasificaron el brasile\u00f1o Marcelo Dos Santos y el canadiense Daniel Gaysinsky.<\/p>\n<p>En -60 kilogramos el chileno Joaqu\u00edn Gonz\u00e1lez de Chile y el brasile\u00f1o Douglas Brose de Brasil.<\/p>\n<p>El venezolano Andr\u00e9s Madera y el curazole\u00f1o Jolano Lindelauf fueron los mejores en -67 y en la divisi\u00f3n de -75 el colombiano Juan Landazueri y el dominicano Anderson Soriano.<\/p>\n<p>En -84 kilos se clasificaron el mexicano Alan Ever Cueva y el uruguayo Juan Macedo.<\/p>\n","protected":false},"excerpt":{"rendered":"<p>Tambi\u00e9n avanzaron a la cita multideportiva los seleccionados de M\u00e9xico, Brasil, Colombia, Costa Rica, Nicaragua y Argentina.<\/p>\n","protected":false},"author":13,"featured_media":50529,"comment_status":"closed","ping_status":"closed","sticky":false,"template":"","format":"standard","meta":[],"categories":[2],"tags":[],"acf":[],"_links":{"self":[{"href":"https:\/\/colimdo.org\/wp-api\/wp\/v2\/posts\/50528"}],"collection":[{"href":"https:\/\/colimdo.org\/wp-api\/wp\/v2\/posts"}],"about":[{"href":"https:\/\/colimdo.org\/wp-api\/wp\/v2\/types\/post"}],"author":[{"embeddable":true,"href":"https:\/\/colimdo.org\/wp-api\/wp\/v2\/users\/13"}],"replies":[{"embeddable":true,"href":"https:\/\/colimdo.org\/wp-api\/wp\/v2\/comments?post=50528"}],"version-history":[{"count":1,"href":"https:\/\/colimdo.org\/wp-api\/wp\/v2\/posts\/50528\/revisions"}],"predecessor-version":[{"id":50530,"href":"https:\/\/colimdo.org\/wp-api\/wp\/v2\/posts\/50528\/revisions\/50530"}],"wp:featuredmedia":[{"embeddable":true,"href":"https:\/\/colimdo.org\/wp-api\/wp\/v2\/media\/50529"}],"wp:attachment":[{"href":"https:\/\/colimdo.org\/wp-api\/wp\/v2\/media?parent=50528"}],"wp:term":[{"taxonomy":"category","embeddable":true,"href":"https:\/\/colimdo.org\/wp-api\/wp\/v2\/categories?post=50528"},{"taxonomy":"post_tag","embeddable":true,"href":"https:\/\/colimdo.org\/wp-api\/wp\/v2\/tags?post=50528"}],"curies":[{"name":"wp","href":"https:\/\/api.w.org\/{rel}","templated":true}]}}