{"id":50554,"date":"2019-03-22T01:49:38","date_gmt":"2019-03-22T01:49:38","guid":{"rendered":"https:\/\/colimdo.org\/?p=50554"},"modified":"2019-03-22T01:49:44","modified_gmt":"2019-03-22T01:49:44","slug":"bayaguana-gana-primera-parada-copa-regional-badminton-del-este","status":"publish","type":"post","link":"https:\/\/colimdo.org\/noticias\/bayaguana-gana-primera-parada-copa-regional-badminton-del-este\/","title":{"rendered":"Bayaguana gana primera parada Copa Regional B\u00e1dminton del Este"},"content":{"rendered":"<p><strong>Bayaguana, Monte Plata.<\/strong> Los badmintonistas de Bayaguana, Monte Plata, se coronaron campeones de la primera parada Copa Regional del Este al dominar las doce categor\u00edas del evento que organiz\u00f3 la asociaci\u00f3n de la provincia sede con el auspicio de la Federaci\u00f3n Dominicana de B\u00e1dminton y la participaci\u00f3n m\u00e1s de 150 atletas.<\/p>\n<p><span style=\"font-style: inherit; font-weight: inherit;\">V\u00edctor Ovalles y Kadelin de la Rosa, de Bayaguana, se llevaron los m\u00e1ximo lauros en la categor\u00eda Superior al vencer a Jonathan Linares (Bay) y Ruth Puello (San Pedro de Macor\u00eds).<\/span><\/p>\n<p><span style=\"font-style: inherit; font-weight: inherit;\">Seguido, en la categor\u00eda sub 17 a\u00f1os. Yeffri Pe\u00f1a venci\u00f3 a Daniel Acosta. Mientras, en el pelda\u00f1o de los menores de 17 a\u00f1os, Esmerlin Ortiz derrot\u00f3 en la final a Erick Zorilla (BAY) y la hermana menor de los Acosta (Daniela) dej\u00f3 en el camino a Lisset Sosa.<\/span><\/p>\n<p><span style=\"font-style: inherit; font-weight: inherit;\">Ya en la divisi\u00f3n menores de 15 a\u00f1os, los tambi\u00e9n bayaguaneros Michel Guzm\u00e1n y Wilmi Reyes reinaron ante sus contrincantes de finales,\u00a0\u00a0<\/span><\/p>\n<p><span style=\"font-style: inherit; font-weight: inherit;\">Rechel Sosa y Cristopher Bastardo (La Romana).<\/span><\/p>\n<p><span style=\"font-style: inherit; font-weight: inherit;\">Asimismo, en el grupo de los atletas de b\u00e1dminton menores de 13 a\u00f1os, los campeones fueron Any Eliza Olivo, que le gan\u00f3 a Esther Mercedes (La Romana) y Luis Rodr\u00edguez que triunf\u00f3 ante su compueblano Sebasti\u00e1n de la Mota.<\/span><\/p>\n<p><span style=\"font-style: inherit; font-weight: inherit;\">\u00a0Finalmente, los menores de 11 a\u00f1os, fueron liderados por Hemeli de los Hilario y Yeuri Caraballo, quienes se impusieron ante Yari Santana y Warner Sandoval (todos de Bayaguana).\u00a0\u00a0<\/span><\/p>\n<p><strong><span style=\"font-style: inherit;\">\u00a0<\/span><span style=\"font-style: inherit;\">Acto Inaugural<\/span><\/strong><\/p>\n<p><span style=\"font-style: inherit; font-weight: inherit;\">Las palabras de bienvenida estuvieron a cargo de Generoso Castillo presidente de la FEDOBAD, quien estuvo acompa\u00f1ado de Tobarich de la Mota, presidente ASOBADMOPLA y coordinador de 1era Copa de B\u00e1dminton del Este, Alberto Almanzar (La Romana), Margarita Peguero (Hato Mayor), Santos Rijo (San Pedro de Macor\u00eds).<\/span><\/p>\n<p><span style=\"font-style: inherit; font-weight: inherit;\">La direcci\u00f3n t\u00e9cnica de la justa estuvo a cargo de Danilo Pereira, Wailan Brea, fue el manejador de tecnolog\u00eda y compilaci\u00f3n, y Gregorio Cruz fungi\u00f3 como referee.<\/span><\/p>\n<p><span style=\"font-style: inherit; font-weight: inherit;\">La siguiente parada del circuito de la FEDOBAD ser\u00e1 en la Copa Regional del Sur a realizarse en Neyba, Bahoruco, el s\u00e1bado 30 marzo, con la participaci\u00f3n badmintonistas de San Crist\u00f3bal, Ocoa, Azua, San Juan de la Maguana, El\u00edas Pi\u00f1a, Barahona y la provincia sede.\u00a0\u00a0<\/span><\/p>\n<p><span style=\"font-style: inherit; font-weight: inherit;\">Culminada las copas regionales se realizar\u00e1 el 1er Torneo Nacional del a\u00f1o con todas las categor\u00edas, del 12 al 14 de abril en el pabell\u00f3n de karate del Centro Ol\u00edmpico Juan Pablo Duarte.<\/span><\/p>\n","protected":false},"excerpt":{"rendered":"<p>Los badmintonistas de Bayaguana dominaron las 12 categor\u00edas del evento que organiz\u00f3 la asociaci\u00f3n de la provincia sede.<\/p>\n","protected":false},"author":13,"featured_media":50555,"comment_status":"closed","ping_status":"closed","sticky":false,"template":"","format":"standard","meta":[],"categories":[2,60],"tags":[],"acf":[],"_links":{"self":[{"href":"https:\/\/colimdo.org\/wp-api\/wp\/v2\/posts\/50554"}],"collection":[{"href":"https:\/\/colimdo.org\/wp-api\/wp\/v2\/posts"}],"about":[{"href":"https:\/\/colimdo.org\/wp-api\/wp\/v2\/types\/post"}],"author":[{"embeddable":true,"href":"https:\/\/colimdo.org\/wp-api\/wp\/v2\/users\/13"}],"replies":[{"embeddable":true,"href":"https:\/\/colimdo.org\/wp-api\/wp\/v2\/comments?post=50554"}],"version-history":[{"count":1,"href":"https:\/\/colimdo.org\/wp-api\/wp\/v2\/posts\/50554\/revisions"}],"predecessor-version":[{"id":50556,"href":"https:\/\/colimdo.org\/wp-api\/wp\/v2\/posts\/50554\/revisions\/50556"}],"wp:featuredmedia":[{"embeddable":true,"href":"https:\/\/colimdo.org\/wp-api\/wp\/v2\/media\/50555"}],"wp:attachment":[{"href":"https:\/\/colimdo.org\/wp-api\/wp\/v2\/media?parent=50554"}],"wp:term":[{"taxonomy":"category","embeddable":true,"href":"https:\/\/colimdo.org\/wp-api\/wp\/v2\/categories?post=50554"},{"taxonomy":"post_tag","embeddable":true,"href":"https:\/\/colimdo.org\/wp-api\/wp\/v2\/tags?post=50554"}],"curies":[{"name":"wp","href":"https:\/\/api.w.org\/{rel}","templated":true}]}}