{"id":50570,"date":"2019-03-22T15:34:44","date_gmt":"2019-03-22T15:34:44","guid":{"rendered":"https:\/\/colimdo.org\/?p=50570"},"modified":"2019-03-22T15:34:44","modified_gmt":"2019-03-22T15:34:44","slug":"la-onu-critica-a-la-iaaf-por-el-caso-semenya-y-las-tasas-de-testosterona","status":"publish","type":"post","link":"https:\/\/colimdo.org\/noticias\/la-onu-critica-a-la-iaaf-por-el-caso-semenya-y-las-tasas-de-testosterona\/","title":{"rendered":"La ONU critica a la IAAF por el caso Semenya y las tasas de testosterona"},"content":{"rendered":"<p>AFP. El Consejo de Derechos Humanos de la ONU critic\u00f3 el nuevo reglamento de la Federaci\u00f3n Internacional de Atletismo (IAAF) sobre la regulaci\u00f3n de las tasas de testosterona en las atletas femeninas, y dio su apoyo un\u00e1nime a la campeona sudafricana Caster Semenya.<\/p>\n<p>En un poco habitual pronunciamiento sobre el mundo del deporte, el \u00f3rgano de la ONU afirma que el reglamento de la IAAF \u201cpodr\u00eda no ser compatible con las normas y las reglas internacionales relativas a los derechos humanos\u201d.<\/p>\n<p>Una resoluci\u00f3n presentada por Sud\u00e1frica denuncia las \u201cpol\u00edticas y pr\u00e1cticas que fuerzan, presionan u obligan (&#8230;) a los atletas en categor\u00eda femenina a sufrir tratamientos m\u00e9dicos in\u00fatiles, humillantes y perjudiciales para participar en las pruebas femeninas de las competiciones deportivas\u201d.<\/p>\n<p>El texto fue adoptado el jueves por la noche por consenso entre los 47 miembros del Consejo, que no tiene sin embargo poder para que aplique.<\/p>\n<p>La IAAF impone a las mujeres con hiperandrogenia y a las que tienen \u201cdiferencias de desarrollo sexual\u201d (DSD) que hagan disminuir con medicamentos sus tasas de testosterona hasta bajar de 5 nanomoles por litro de sangre, si quieren participar en pruebas internacionales desde los 400 metros a la milla (1.609 metros).<\/p>\n<p>La Federaci\u00f3n argumenta que si las atletas tienen niveles de testosterona masculinos, es necesario \u201cpreservar la equidad de la competici\u00f3n femenina\u201d.<\/p>\n<p>Triple campeona del mundo (2009, 2011, 2017) y doble campeona ol\u00edmpica de 800 m (2012, 2016), Caster Semenya asegura ser \u201cindudablemente una mujer\u201d y acudi\u00f3 al Tribunal Arbitral del Deporte (TAS) de Lausana para que el reglamento de la IAAF sea anulado.<\/p>\n<p>El TAS, tribunal supremo en materia deportiva, deber\u00e1 pronunciarse a finales de abril.<\/p>\n<p>La embajadora de Sud\u00e1frica en la ONU en Ginebra, Nozipho Joyce Mxakato-Diseko, declar\u00f3 este viernes a la AFP que la iniciativa de la IAAF supone una discriminaci\u00f3n de g\u00e9nero y sobre \u201cbases raciales\u201d.<\/p>\n<p>Para algunos expertos cient\u00edficos, privar a Caster Semenya de la competici\u00f3n a causa de su tasa elevada de testosterona equivaldr\u00eda a excluir a jugadores de baloncesto porque son demasiado altos.<\/p>\n","protected":false},"excerpt":{"rendered":"<p>En un poco habitual pronunciamiento sobre el mundo del deporte, el \u00f3rgano de la ONU afirma que el reglamento de la IAAF \u201cpodr\u00eda no ser compatible con las normas y las reglas internacionales relativas a los derechos humanos\u201d.<\/p>\n","protected":false},"author":16,"featured_media":50571,"comment_status":"closed","ping_status":"closed","sticky":false,"template":"","format":"standard","meta":[],"categories":[2,60],"tags":[],"acf":[],"_links":{"self":[{"href":"https:\/\/colimdo.org\/wp-api\/wp\/v2\/posts\/50570"}],"collection":[{"href":"https:\/\/colimdo.org\/wp-api\/wp\/v2\/posts"}],"about":[{"href":"https:\/\/colimdo.org\/wp-api\/wp\/v2\/types\/post"}],"author":[{"embeddable":true,"href":"https:\/\/colimdo.org\/wp-api\/wp\/v2\/users\/16"}],"replies":[{"embeddable":true,"href":"https:\/\/colimdo.org\/wp-api\/wp\/v2\/comments?post=50570"}],"version-history":[{"count":1,"href":"https:\/\/colimdo.org\/wp-api\/wp\/v2\/posts\/50570\/revisions"}],"predecessor-version":[{"id":50572,"href":"https:\/\/colimdo.org\/wp-api\/wp\/v2\/posts\/50570\/revisions\/50572"}],"wp:featuredmedia":[{"embeddable":true,"href":"https:\/\/colimdo.org\/wp-api\/wp\/v2\/media\/50571"}],"wp:attachment":[{"href":"https:\/\/colimdo.org\/wp-api\/wp\/v2\/media?parent=50570"}],"wp:term":[{"taxonomy":"category","embeddable":true,"href":"https:\/\/colimdo.org\/wp-api\/wp\/v2\/categories?post=50570"},{"taxonomy":"post_tag","embeddable":true,"href":"https:\/\/colimdo.org\/wp-api\/wp\/v2\/tags?post=50570"}],"curies":[{"name":"wp","href":"https:\/\/api.w.org\/{rel}","templated":true}]}}