{"id":50573,"date":"2019-03-22T16:01:29","date_gmt":"2019-03-22T16:01:29","guid":{"rendered":"https:\/\/colimdo.org\/?p=50573"},"modified":"2019-03-22T16:01:29","modified_gmt":"2019-03-22T16:01:29","slug":"alex-reyes-listo-para-empezar-el-ano-en-bullpen-de-los-cardenales","status":"publish","type":"post","link":"https:\/\/colimdo.org\/noticias\/alex-reyes-listo-para-empezar-el-ano-en-bullpen-de-los-cardenales\/","title":{"rendered":"Alex Reyes listo para empezar el a\u00f1o en bullpen de los Cardenales"},"content":{"rendered":"<p>JUPITER, Florida (MLB) &#8212; Salvo un imprevisto de \u00faltima hora, el dominicano Alex Reyes tiene casi garantizado comenzar la temporada con los Cardenales.<\/p>\n<p>Con los Cardenales d\u00e1ndole los toques finales al roster antes de iniciar la campa\u00f1a la semana entrante ante los Cerveceros en Miller Park, el derecho de poderosa recta luce encaminado a iniciar el a\u00f1o como parte del equipo grande.<\/p>\n<p>\u201cYo creo que Alex ha demostrado m\u00e1s que suficiente\u201d, dijo el manager Mike Shildt. \u201cEst\u00e1 en un gran momento. Se ha visto muy bien\u201d.<\/p>\n<p>Una vez que se determin\u00f3 a principios de marzo que Reyes no tendr\u00eda suficiente tiempo para preparar su brazo para iniciar juegos, los Cardenales empezaron a verlo como posible candidato para el bullpen. Aprovech\u00f3 la oportunidad y ahora luce como una opci\u00f3n bien flexible para Shildt, capaz de darle varias entradas o tirar en los innings finales.<\/p>\n<p>Reyes, que lanz\u00f3 un acto en blanco contra los Cardenales el mi\u00e9rcoles, tiene pautado hacer una \u00faltima presentaci\u00f3n en la Liga de la Toronja el s\u00e1bado y luego relevar el lunes durante un juego de exhibici\u00f3n en Memphis.<\/p>\n<p>\u201cMe siento muy bien con el plan y con todo lo que ha avanzado\u201d, dijo Shildt. \u201cY sobre todo con su recuperaci\u00f3n, que es lo m\u00e1s importante\u201d.<\/p>\n<p>Reyes perdi\u00f3 casi toda la temporada pasada tras un desgarre en un m\u00fasculo lateral sufrido en mayo durante su \u00fanica presentaci\u00f3n (tir\u00f3 cuatro innings ante los Cerveceros, precisamente). Y ya hab\u00eda estado fuera todo el 2017 debido a la cirug\u00eda Tommy John.<\/p>\n<div id=\"article-video-preview-reyes-fans-2-in-scoreless-inning-c2523804083\" class=\"article-item__video-preview\" data-media=\"{&quot;type&quot;:&quot;video&quot;,&quot;video&quot;:{&quot;type&quot;:&quot;video&quot;,&quot;date&quot;:&quot;2019-03-20T17:05:00Z&quot;,&quot;description&quot;:&quot;\u00c1lex Reyes poncha a Dixon Machado y Pedro \u00c1lvarez en la octava entrada, la \u00fanica que lanza en su trabajo ante los Marlins sin permitir carreras&quot;,&quot;slug&quot;:&quot;reyes-fans-2-in-scoreless-inning-c2523804083&quot;,&quot;title&quot;:&quot;Reyes logra dos ponches en el 8vo&quot;},&quot;photo&quot;:{&quot;aspectRatio&quot;:&quot;16:9&quot;,&quot;alt&quot;:&quot;Reyes fans 2 in scoreless inning&quot;,&quot;cuts&quot;:[{&quot;aspectRatio&quot;:&quot;16:9&quot;,&quot;width&quot;:2208,&quot;src&quot;:&quot;https:\/\/img.mlbstatic.com\/mlb-images\/image\/private\/t_16x9\/t_w2208\/mlb\/irkwdbvzqm5stbzm5tnr&quot;},{&quot;aspectRatio&quot;:&quot;16:9&quot;,&quot;width&quot;:1536,&quot;src&quot;:&quot;https:\/\/img.mlbstatic.com\/mlb-images\/image\/private\/t_16x9\/t_w1536\/mlb\/irkwdbvzqm5stbzm5tnr&quot;},{&quot;aspectRatio&quot;:&quot;16:9&quot;,&quot;width&quot;:1024,&quot;src&quot;:&quot;https:\/\/img.mlbstatic.com\/mlb-images\/image\/private\/t_16x9\/t_w1024\/mlb\/irkwdbvzqm5stbzm5tnr&quot;},{&quot;aspectRatio&quot;:&quot;16:9&quot;,&quot;width&quot;:640,&quot;src&quot;:&quot;https:\/\/img.mlbstatic.com\/mlb-images\/image\/private\/t_16x9\/t_w640\/mlb\/irkwdbvzqm5stbzm5tnr&quot;},{&quot;aspectRatio&quot;:&quot;16:9&quot;,&quot;width&quot;:372,&quot;src&quot;:&quot;https:\/\/img.mlbstatic.com\/mlb-images\/image\/private\/t_16x9\/t_w372\/mlb\/irkwdbvzqm5stbzm5tnr&quot;}],&quot;class&quot;:&quot;article-content&quot;}}\"><\/div>\n","protected":false},"excerpt":{"rendered":"<p>Con los Cardenales d\u00e1ndole los toques finales al roster antes de iniciar la campa\u00f1a la semana entrante ante los Cerveceros en Miller Park, el derecho de poderosa recta luce encaminado a iniciar el a\u00f1o como parte del equipo grande.<\/p>\n","protected":false},"author":16,"featured_media":50574,"comment_status":"closed","ping_status":"closed","sticky":false,"template":"","format":"standard","meta":[],"categories":[2,60],"tags":[],"acf":[],"_links":{"self":[{"href":"https:\/\/colimdo.org\/wp-api\/wp\/v2\/posts\/50573"}],"collection":[{"href":"https:\/\/colimdo.org\/wp-api\/wp\/v2\/posts"}],"about":[{"href":"https:\/\/colimdo.org\/wp-api\/wp\/v2\/types\/post"}],"author":[{"embeddable":true,"href":"https:\/\/colimdo.org\/wp-api\/wp\/v2\/users\/16"}],"replies":[{"embeddable":true,"href":"https:\/\/colimdo.org\/wp-api\/wp\/v2\/comments?post=50573"}],"version-history":[{"count":1,"href":"https:\/\/colimdo.org\/wp-api\/wp\/v2\/posts\/50573\/revisions"}],"predecessor-version":[{"id":50575,"href":"https:\/\/colimdo.org\/wp-api\/wp\/v2\/posts\/50573\/revisions\/50575"}],"wp:featuredmedia":[{"embeddable":true,"href":"https:\/\/colimdo.org\/wp-api\/wp\/v2\/media\/50574"}],"wp:attachment":[{"href":"https:\/\/colimdo.org\/wp-api\/wp\/v2\/media?parent=50573"}],"wp:term":[{"taxonomy":"category","embeddable":true,"href":"https:\/\/colimdo.org\/wp-api\/wp\/v2\/categories?post=50573"},{"taxonomy":"post_tag","embeddable":true,"href":"https:\/\/colimdo.org\/wp-api\/wp\/v2\/tags?post=50573"}],"curies":[{"name":"wp","href":"https:\/\/api.w.org\/{rel}","templated":true}]}}