{"id":50576,"date":"2019-03-22T16:22:24","date_gmt":"2019-03-22T16:22:24","guid":{"rendered":"https:\/\/colimdo.org\/?p=50576"},"modified":"2019-03-22T16:22:24","modified_gmt":"2019-03-22T16:22:24","slug":"camila-romero-competira-en-campeonato-iberoamericano-de-triatlon-en-espana","status":"publish","type":"post","link":"https:\/\/colimdo.org\/noticias\/camila-romero-competira-en-campeonato-iberoamericano-de-triatlon-en-espana\/","title":{"rendered":"Camila Romero competir\u00e1 en Campeonato Iberoamericano de Triatl\u00f3n en Espa\u00f1a"},"content":{"rendered":"<p class=\"x_MsoNormal\">Santo Domingo. La atleta dominicana Camila Romero competir\u00e1 este domingo 24, en el Campeonato Iberoamericano de Triatl\u00f3n de la ciudad de Huelva, en Espa\u00f1a.<\/p>\n<p class=\"x_MsoNormal\">La triatleta estar\u00e1 en acci\u00f3n en el certamen a partir de las 9:00 de la ma\u00f1ana, en la especialidad de distancia ol\u00edmpica, ante otros competidores procedentes de Francia, Italia, Gran Breta\u00f1a, Alemania, Portugal, Nueva Zelandia, Suiza y Espa\u00f1a.<\/p>\n<p class=\"x_MsoNormal\">La informaci\u00f3n la suministr\u00f3 Franklin de la Cruz, presidente de la Federaci\u00f3n Dominicana de Triatl\u00f3n (Fedotri), quien se mostr\u00f3 esperanzado de que Camila Romero tendr\u00e1 una gran actuaci\u00f3n en sue\u00f1o espa\u00f1ol, ya que se prepar\u00f3 fuertemente para dar el m\u00e1ximo y mejorar sus n\u00fameros internacionales.<\/p>\n<p class=\"x_MsoNormal\">De la Cruz inform\u00f3 adem\u00e1s que acompa\u00f1a a Romero el entrenador cubano Alfonso Gonz\u00e1lez, quienes llegaron a Espa\u00f1a este jueves para completar la preparaci\u00f3n en Espa\u00f1a.<\/p>\n<p class=\"x_MsoNormal\">Sostuvo el dirigente federado que el evento es de preparaci\u00f3n para los Juegos Panamericanos de Lima 2019, en Per\u00fa.<\/p>\n<p class=\"x_MsoNormal\">Adem\u00e1s dijo que los puntos que se pretenden lograr servir\u00e1n para la ubicaci\u00f3n en el ranking de la Confederaci\u00f3n Americana de Triatl\u00f3n (Camtri) que le permitir\u00e1 posicionarse entre las 35 mujeres que participar\u00e1n en los Juegos Panamericanos de Lima.<\/p>\n","protected":false},"excerpt":{"rendered":"<p>La triatleta estar\u00e1 en acci\u00f3n en el certamen a partir de las 9:00 de la ma\u00f1ana, en la especialidad de distancia ol\u00edmpica, ante otros competidores procedentes de Francia, Italia, Gran Breta\u00f1a, Alemania, Portugal, Nueva Zelandia, Suiza y Espa\u00f1a.<\/p>\n","protected":false},"author":16,"featured_media":50577,"comment_status":"closed","ping_status":"closed","sticky":false,"template":"","format":"standard","meta":[],"categories":[2,60],"tags":[],"acf":[],"_links":{"self":[{"href":"https:\/\/colimdo.org\/wp-api\/wp\/v2\/posts\/50576"}],"collection":[{"href":"https:\/\/colimdo.org\/wp-api\/wp\/v2\/posts"}],"about":[{"href":"https:\/\/colimdo.org\/wp-api\/wp\/v2\/types\/post"}],"author":[{"embeddable":true,"href":"https:\/\/colimdo.org\/wp-api\/wp\/v2\/users\/16"}],"replies":[{"embeddable":true,"href":"https:\/\/colimdo.org\/wp-api\/wp\/v2\/comments?post=50576"}],"version-history":[{"count":1,"href":"https:\/\/colimdo.org\/wp-api\/wp\/v2\/posts\/50576\/revisions"}],"predecessor-version":[{"id":50578,"href":"https:\/\/colimdo.org\/wp-api\/wp\/v2\/posts\/50576\/revisions\/50578"}],"wp:featuredmedia":[{"embeddable":true,"href":"https:\/\/colimdo.org\/wp-api\/wp\/v2\/media\/50577"}],"wp:attachment":[{"href":"https:\/\/colimdo.org\/wp-api\/wp\/v2\/media?parent=50576"}],"wp:term":[{"taxonomy":"category","embeddable":true,"href":"https:\/\/colimdo.org\/wp-api\/wp\/v2\/categories?post=50576"},{"taxonomy":"post_tag","embeddable":true,"href":"https:\/\/colimdo.org\/wp-api\/wp\/v2\/tags?post=50576"}],"curies":[{"name":"wp","href":"https:\/\/api.w.org\/{rel}","templated":true}]}}