{"id":50582,"date":"2019-03-22T17:03:24","date_gmt":"2019-03-22T17:03:24","guid":{"rendered":"https:\/\/colimdo.org\/?p=50582"},"modified":"2019-03-22T17:03:24","modified_gmt":"2019-03-22T17:03:24","slug":"san-luis-elige-a-wieters-sobre-francisco-pena-como-segundo-receptor","status":"publish","type":"post","link":"https:\/\/colimdo.org\/noticias\/san-luis-elige-a-wieters-sobre-francisco-pena-como-segundo-receptor\/","title":{"rendered":"San Luis elige a Wieters sobre Francisco Pe\u00f1a como segundo receptor"},"content":{"rendered":"<p>El manager de los Cardenales de San Luis, Mike Shildt, anunci\u00f3 la ma\u00f1ana del viernes antes del juego contra los Mets en Port St. Lucie que el veterano Matt Wieters comenzar\u00e1 la temporada como segundo receptor del equipo.<\/p>\n<p>Wieters, quien firm\u00f3 un contrato de ligas menores el 27 de febrero, ten\u00eda la opci\u00f3n de salirse de dicho pacto el viernes si San Luis no le aseguraba un puesto en el roster de 25 jugadores.<\/p>\n<p>El dominicano Francisco Pe\u00f1a, quien tambi\u00e9n estaba luchando por ese puesto de escudero del puertorrique\u00f1o Yadier Molina, seguir\u00e1 con el equipo grande durante el resto de los entrenamientos y luego tendr\u00e1 la opci\u00f3n de reportarse a Triple-A Memphis o pedir ser dejado en libertad para buscar trabajo en otra parte. Su agente pasar\u00e1 los pr\u00f3ximos d\u00edas intentando ver qui\u00e9n podr\u00eda estar interesado en el careta de 29 a\u00f1os.<\/p>\n<p>Sin contar lo sucedido en la jornada del viernes, Pe\u00f1a bateaba para .278 (de 18-5) con un doble y tres empujadas. Wieters ten\u00eda de 24-3 (.125) con un doblete.<\/p>\n","protected":false},"excerpt":{"rendered":"<p>El dominicano Francisco Pe\u00f1a, quien tambi\u00e9n estaba luchando por ese puesto de escudero del puertorrique\u00f1o Yadier Molina, seguir\u00e1 con el equipo grande durante el resto de los entrenamientos y luego tendr\u00e1 la opci\u00f3n de reportarse a Triple-A Memphis o pedir ser dejado en libertad para buscar trabajo en otra parte. Su agente pasar\u00e1 los pr\u00f3ximos d\u00edas intentando ver qui\u00e9n podr\u00eda estar interesado en el careta de 29 a\u00f1os.<\/p>\n","protected":false},"author":16,"featured_media":50583,"comment_status":"closed","ping_status":"closed","sticky":false,"template":"","format":"standard","meta":[],"categories":[2,60],"tags":[],"acf":[],"_links":{"self":[{"href":"https:\/\/colimdo.org\/wp-api\/wp\/v2\/posts\/50582"}],"collection":[{"href":"https:\/\/colimdo.org\/wp-api\/wp\/v2\/posts"}],"about":[{"href":"https:\/\/colimdo.org\/wp-api\/wp\/v2\/types\/post"}],"author":[{"embeddable":true,"href":"https:\/\/colimdo.org\/wp-api\/wp\/v2\/users\/16"}],"replies":[{"embeddable":true,"href":"https:\/\/colimdo.org\/wp-api\/wp\/v2\/comments?post=50582"}],"version-history":[{"count":1,"href":"https:\/\/colimdo.org\/wp-api\/wp\/v2\/posts\/50582\/revisions"}],"predecessor-version":[{"id":50584,"href":"https:\/\/colimdo.org\/wp-api\/wp\/v2\/posts\/50582\/revisions\/50584"}],"wp:featuredmedia":[{"embeddable":true,"href":"https:\/\/colimdo.org\/wp-api\/wp\/v2\/media\/50583"}],"wp:attachment":[{"href":"https:\/\/colimdo.org\/wp-api\/wp\/v2\/media?parent=50582"}],"wp:term":[{"taxonomy":"category","embeddable":true,"href":"https:\/\/colimdo.org\/wp-api\/wp\/v2\/categories?post=50582"},{"taxonomy":"post_tag","embeddable":true,"href":"https:\/\/colimdo.org\/wp-api\/wp\/v2\/tags?post=50582"}],"curies":[{"name":"wp","href":"https:\/\/api.w.org\/{rel}","templated":true}]}}