{"id":50647,"date":"2019-03-24T19:31:08","date_gmt":"2019-03-24T19:31:08","guid":{"rendered":"https:\/\/colimdo.org\/?p=50647"},"modified":"2019-03-24T19:31:16","modified_gmt":"2019-03-24T19:31:16","slug":"provincia-santo-domingo-logra-primer-lugar-invitacional-judo","status":"publish","type":"post","link":"https:\/\/colimdo.org\/noticias\/provincia-santo-domingo-logra-primer-lugar-invitacional-judo\/","title":{"rendered":"Provincia Santo Domingo logra primer lugar invitacional de judo"},"content":{"rendered":"<p><strong>SANTO DOMINGO.<\/strong> La Asociaci\u00f3n de Judo de la provincial Santo Domingo conquist\u00f3 el primer lugar de la Tercera Copa Invitacional de Judo Domingo\u00a0 celebrada en el club Deportivo Los Mina.<\/p>\n<p>Los judocas de la provincia Santo Domingo lograron un total de 1,344 puntos, producto de 12 medallas de oro, 12 de plata y 24 de bronce.<\/p>\n<p>El segundo lugar lo ocup\u00f3 la representaci\u00f3n de San Juan de la Maguana, con 502 tantos, al contabilizar cinco preseas doradas y dos de bronce, en tanto que el tercer pelda\u00f1o recay\u00f3 sobre el seleccionado de Azua, con 450 puntos. Los azuanos obtuvieron cuatro metales de oro y cinco de plata.<\/p>\n<p>El cuarto puesto fue para La Romana, con cuatro medallas de oro, tres de plata y un bronce, para un total de 431 puntos.<\/p>\n<p><strong>Ceremonia de apertura<\/strong><\/p>\n<p>La presidenta de la Asociaci\u00f3n de Judo de Santo Domingo, licenciada Luisa Mart\u00ednez, resalt\u00f3 el empe\u00f1o del comit\u00e9 ejecutivo que preside para elevar el nivel t\u00e9cnico de los ni\u00f1os y j\u00f3venes judocas.<\/p>\n<p>\u201cNuestro prop\u00f3sito es formar ni\u00f1os y j\u00f3venes a trav\u00e9s de la pr\u00e1ctica de un deporte como el judo\u201d, manifest\u00f3 Mart\u00ednez al hacer uso de la palabra en la ceremonia de apertura.<\/p>\n<p>Mientras, el presidente de la Federaci\u00f3n Dominicana de Judo (Fedojudo), licenciado Gilberto Garc\u00eda, exhort\u00f3 a los atletas a seguir trabajando y aprovechar las oportunidades como deportistas.<\/p>\n<p>\u201cEl judo est\u00e1 en franco proceso de desarrollo porque los dirigentes de las distintas asociaciones est\u00e1n trabajando\u201d, asegur\u00f3 Garc\u00eda.<\/p>\n<p>En el Invitacional de Judo Domingo Savio, organizado por la Asociaci\u00f3n de Judo de la provincia Santo Domingo, tambi\u00e9n estuvo presente Leidi Germ\u00e1n, directora t\u00e9cnica de la Fedojudo, as\u00ed como otros directivos de la entidad.<\/p>\n<p>En el certamen tomaron parte atletas de las asociaciones de judo de Azua, Bonao, Barahona, Monte Plata, Distrito Nacional, La Vega, San Crist\u00f3bal, San Juan de la Maguana, San Pedro de Macor\u00eds, La Romana y Santo Domingo.<\/p>\n","protected":false},"excerpt":{"rendered":"<p>Los judocas de Santo Domingo lograron 1,344 puntos, mientras que el segundo lugar lo ocup\u00f3 la delegaci\u00f3n de San Juan en el torneo celebrado en el club Los Mina.<\/p>\n","protected":false},"author":13,"featured_media":50648,"comment_status":"closed","ping_status":"closed","sticky":false,"template":"","format":"standard","meta":[],"categories":[2],"tags":[],"acf":[],"_links":{"self":[{"href":"https:\/\/colimdo.org\/wp-api\/wp\/v2\/posts\/50647"}],"collection":[{"href":"https:\/\/colimdo.org\/wp-api\/wp\/v2\/posts"}],"about":[{"href":"https:\/\/colimdo.org\/wp-api\/wp\/v2\/types\/post"}],"author":[{"embeddable":true,"href":"https:\/\/colimdo.org\/wp-api\/wp\/v2\/users\/13"}],"replies":[{"embeddable":true,"href":"https:\/\/colimdo.org\/wp-api\/wp\/v2\/comments?post=50647"}],"version-history":[{"count":1,"href":"https:\/\/colimdo.org\/wp-api\/wp\/v2\/posts\/50647\/revisions"}],"predecessor-version":[{"id":50649,"href":"https:\/\/colimdo.org\/wp-api\/wp\/v2\/posts\/50647\/revisions\/50649"}],"wp:featuredmedia":[{"embeddable":true,"href":"https:\/\/colimdo.org\/wp-api\/wp\/v2\/media\/50648"}],"wp:attachment":[{"href":"https:\/\/colimdo.org\/wp-api\/wp\/v2\/media?parent=50647"}],"wp:term":[{"taxonomy":"category","embeddable":true,"href":"https:\/\/colimdo.org\/wp-api\/wp\/v2\/categories?post=50647"},{"taxonomy":"post_tag","embeddable":true,"href":"https:\/\/colimdo.org\/wp-api\/wp\/v2\/tags?post=50647"}],"curies":[{"name":"wp","href":"https:\/\/api.w.org\/{rel}","templated":true}]}}